{"id":25574,"date":"2021-07-29T18:03:57","date_gmt":"2021-07-29T18:03:57","guid":{"rendered":"http:\/\/noticiastelered.com\/PortalDNoticias\/?p=25574"},"modified":"2021-07-29T18:03:58","modified_gmt":"2021-07-29T18:03:58","slug":"amnistia-a-presos-las-4-condiciones-que-deben-cumplir-para-ser-liberados-segun-la-propuesta-de-amlo","status":"publish","type":"post","link":"http:\/\/noticiastelered.com\/PortalDNoticias\/amnistia-a-presos-las-4-condiciones-que-deben-cumplir-para-ser-liberados-segun-la-propuesta-de-amlo\/","title":{"rendered":"Amnist\u00eda a presos: las 4 condiciones que deben cumplir para ser liberados seg\u00fan la propuesta de AMLO"},"content":{"rendered":"\n<p>Redacci\u00f3n <br><strong> Noticas Telered <\/strong><\/p>\n\n\n\n<p>Este jueves, el Gobierno Federal inform\u00f3 que realizar\u00e1n un decreto para liberar a presos que no hayan cumplido delitos graves, sean adultos mayores y cumplan ciertas caracter\u00edsticas.<\/p>\n\n\n\n<p>A trav\u00e9s de la Secretar\u00eda de Gobernaci\u00f3n (<strong>Segob<\/strong>) se decretar\u00e1n cuatro condiciones que firmar\u00e1 el Presidente Andr\u00e9s Manuel L\u00f3pez Obrador, para que miles de reclusos que no cuentan con sentencia o han sido torturados, puedan recuperar su libertad el pr\u00f3ximo 15 de septiembre.<\/p>\n\n\n\n<p>Al respecto, Olga S\u00e1nchez Cordero inform\u00f3 que 94 mil 547 personas privadas de su libertad no tienen una sentencia; y, de estos, 82 mil 189 son del fuero com\u00fan y 12 mil 358 del federal.<\/p>\n\n\n\n<p>El decreto consiste que los reos mayores de 75 a\u00f1os que no haya cometido delitos graves y se encuentren presos, podr\u00e1n salir de la c\u00e1rcel; adem\u00e1s de los que lleven una d\u00e9cada o m\u00e1s sin sentencia; que tengan 65 a\u00f1os o m\u00e1s y padezcan una enfermedad degenerativa; o que hayan sido v\u00edctimas de tortura.<\/p>\n\n\n\n<p><em>\u201cEstas cuatro condiciones&nbsp; van a formar parte de un decreto que voy a firmar y que va a elaborar la Secretar\u00eda de Gobernaci\u00f3n la semana pr\u00f3xima. Es importante que se tome en cuenta que hay muchos detenidos, reclusos, internos que no tienen sentencia y que no s\u00f3lo es fuero federal, tambi\u00e9n es fuero com\u00fan y es la mayor\u00eda\u201d,<\/em> recalco el presidente de M\u00e9xico Andr\u00e9s Manuel en su conferencia de prensa este jueves.<\/p>\n\n\n\n<p>Caber recalcar , L\u00f3pez Obrador justific\u00f3 el decreto al se\u00f1alar que de las m\u00e1s de 220 mil personas que hay en las c\u00e1rceles, el 43 % no tiene sentencia, lo que equivale a cerca de 125 mil 500.<\/p>\n\n\n\n<p>Esta es una medida adicional a la&nbsp;<strong>Ley de Amnist\u00eda<\/strong>&nbsp;que promulg\u00f3 el Gobierno en abril de 2020 con el objetivo de liberar a unas 6 mil&nbsp;<strong>personas condenadas<\/strong>&nbsp;o en prisi\u00f3n preventiva por delitos como aborto, peque\u00f1os robos o posesi\u00f3n de drogas.<\/p>\n\n\n<p><!-- Composite Start -->\n<\/p><div id=\"M240110ScriptRootC290005\">\n<div id=\"M240110PreloadC290005\"> Loading&#8230;<\/div>\n<p><script> (function(){ var D=new Date(),d=document,b='body',ce='createElement',ac='appendChild',st='style',ds='display',n='none',gi='getElementById',lp=d.location.protocol,wp=lp.indexOf('http')==0?lp:'https:'; var i=d[ce]('iframe');i[st][ds]=n;d[gi](\"M240110ScriptRootC290005\")[ac](i);try{var iw=i.contentWindow.document;iw.open();iw.writeln(\"<ht\"+\"ml><bo\"+\"dy><\/bo\"+\"dy><\/ht\"+\"ml>\");iw.close();var c=iw[b];} catch(e){var iw=d;var c=d[gi](\"M240110ScriptRootC290005\");}var dv=iw[ce]('div');dv.id=\"MG_ID\";dv[st][ds]=n;dv.innerHTML=290005;c[ac](dv); var s=iw[ce]('script');s.async='async';s.defer='defer';s.charset='utf-8';s.src=wp+\"\/\/jsc.mgid.com\/n\/o\/noticiastelered.com.290005.js?t=\"+D.getYear()+D.getMonth()+D.getUTCDate()+D.getUTCHours();c[ac](s);})(); <\/script><\/p>\n<\/div>\n<p><!-- Composite End --><\/p>","protected":false},"excerpt":{"rendered":"<p>Redacci\u00f3n Noticas Telered Este jueves, el Gobierno Federal inform\u00f3 que realizar\u00e1n un decreto para liberar a presos que no hayan cumplido delitos graves, sean adultos mayores y cumplan ciertas caracter\u00edsticas. A trav\u00e9s de la Secretar\u00eda de Gobernaci\u00f3n (Segob) se decretar\u00e1n [&hellip;]<\/p>\n","protected":false},"author":4,"featured_media":25576,"comment_status":"open","ping_status":"open","sticky":false,"template":"","format":"standard","meta":[],"categories":[60,77],"tags":[],"_links":{"self":[{"href":"http:\/\/noticiastelered.com\/PortalDNoticias\/wp-json\/wp\/v2\/posts\/25574"}],"collection":[{"href":"http:\/\/noticiastelered.com\/PortalDNoticias\/wp-json\/wp\/v2\/posts"}],"about":[{"href":"http:\/\/noticiastelered.com\/PortalDNoticias\/wp-json\/wp\/v2\/types\/post"}],"author":[{"embeddable":true,"href":"http:\/\/noticiastelered.com\/PortalDNoticias\/wp-json\/wp\/v2\/users\/4"}],"replies":[{"embeddable":true,"href":"http:\/\/noticiastelered.com\/PortalDNoticias\/wp-json\/wp\/v2\/comments?post=25574"}],"version-history":[{"count":1,"href":"http:\/\/noticiastelered.com\/PortalDNoticias\/wp-json\/wp\/v2\/posts\/25574\/revisions"}],"predecessor-version":[{"id":25577,"href":"http:\/\/noticiastelered.com\/PortalDNoticias\/wp-json\/wp\/v2\/posts\/25574\/revisions\/25577"}],"wp:featuredmedia":[{"embeddable":true,"href":"http:\/\/noticiastelered.com\/PortalDNoticias\/wp-json\/wp\/v2\/media\/25576"}],"wp:attachment":[{"href":"http:\/\/noticiastelered.com\/PortalDNoticias\/wp-json\/wp\/v2\/media?parent=25574"}],"wp:term":[{"taxonomy":"category","embeddable":true,"href":"http:\/\/noticiastelered.com\/PortalDNoticias\/wp-json\/wp\/v2\/categories?post=25574"},{"taxonomy":"post_tag","embeddable":true,"href":"http:\/\/noticiastelered.com\/PortalDNoticias\/wp-json\/wp\/v2\/tags?post=25574"}],"curies":[{"name":"wp","href":"https:\/\/api.w.org\/{rel}","templated":true}]}}