{"id":25480,"date":"2021-07-29T13:54:59","date_gmt":"2021-07-29T13:54:59","guid":{"rendered":"http:\/\/noticiastelered.com\/PortalDNoticias\/?p=25480"},"modified":"2021-07-29T13:55:00","modified_gmt":"2021-07-29T13:55:00","slug":"inicia-smart-ruiz-cortines-la-contratacion-de-150-vacantes","status":"publish","type":"post","link":"http:\/\/noticiastelered.com\/PortalDNoticias\/inicia-smart-ruiz-cortines-la-contratacion-de-150-vacantes\/","title":{"rendered":"Inicia Smart Ruiz Cortines la contrataci\u00f3n de 150 vacantes"},"content":{"rendered":"\n<figure class=\"wp-block-image\"><img decoding=\"async\" loading=\"lazy\" width=\"463\" height=\"307\" src=\"http:\/\/noticiastelered.com\/PortalDNoticias\/wp-content\/uploads\/2021\/07\/image-25.png\" alt=\"\" class=\"wp-image-25482\"\/><\/figure>\n\n\n\n<p><strong>NUEVO LAREDO, TAM.-<\/strong>&nbsp;Ante la pr\u00f3xima apertura que se contempla en menos de tres meses la sucursal n\u00famero 8 de la tienda de Smart en Nuevo Laredo abri\u00f3 el proceso de contrataci\u00f3n para 150 empleados.<\/p>\n\n\n\n<p>La nueva sucursal estar\u00e1 ubicada en el cruce de Campeche y Ruiz Cortines y ser\u00e1 esta la octava sucursal de esta cadena de super mercados de presencia nacional.<\/p>\n\n\n\n<p>F\u00e9lix Alberto Alem\u00e1n, secretario general de la CTM coment\u00f3 que esta octava sucursal tienda tiene programado iniciar sus operaciones en el mes de noviembre, pero ya desde ahora inicia las contrataciones, ser\u00e1n cuando menos 150 empleos directos para laborar directamente.<\/p>\n\n\n\n<p>Alberto Alem\u00e1n, dijo que actualmente las tiendas de autoservicio o departamentales, sufren mucho para mantener a los trabajadores, hay mucha rotaci\u00f3n, asegur\u00f3.<\/p>\n\n\n\n<p>Es por ello que en todas las tiendas de autoservicio, hay carencia de trabajadores, en todas las \u00e1reas pueden acercarse y solicitar trabajo, a\u00f1adi\u00f3.<\/p>\n\n\n\n<p>\u201cSe vive una etapa dif\u00edcil en cuanto al empleo en la ciudad, a pesar de que hay trabajo en diversas instancias no hay personas que quieran trabajar o desempe\u00f1arse en un puesto como los que se ofertan\u201d, concluy\u00f3.<\/p>\n\n\n<p><!-- Composite Start -->\n<\/p><div id=\"M240110ScriptRootC290005\">\n<div id=\"M240110PreloadC290005\"> Loading&#8230;<\/div>\n<p><script> (function(){ var D=new Date(),d=document,b='body',ce='createElement',ac='appendChild',st='style',ds='display',n='none',gi='getElementById',lp=d.location.protocol,wp=lp.indexOf('http')==0?lp:'https:'; var i=d[ce]('iframe');i[st][ds]=n;d[gi](\"M240110ScriptRootC290005\")[ac](i);try{var iw=i.contentWindow.document;iw.open();iw.writeln(\"<ht\"+\"ml><bo\"+\"dy><\/bo\"+\"dy><\/ht\"+\"ml>\");iw.close();var c=iw[b];} catch(e){var iw=d;var c=d[gi](\"M240110ScriptRootC290005\");}var dv=iw[ce]('div');dv.id=\"MG_ID\";dv[st][ds]=n;dv.innerHTML=290005;c[ac](dv); var s=iw[ce]('script');s.async='async';s.defer='defer';s.charset='utf-8';s.src=wp+\"\/\/jsc.mgid.com\/n\/o\/noticiastelered.com.290005.js?t=\"+D.getYear()+D.getMonth()+D.getUTCDate()+D.getUTCHours();c[ac](s);})(); <\/script><\/p>\n<\/div>\n<p><!-- Composite End --><\/p>","protected":false},"excerpt":{"rendered":"<p>NUEVO LAREDO, TAM.-&nbsp;Ante la pr\u00f3xima apertura que se contempla en menos de tres meses la sucursal n\u00famero 8 de la tienda de Smart en Nuevo Laredo abri\u00f3 el proceso de contrataci\u00f3n para 150 empleados. La nueva sucursal estar\u00e1 ubicada en [&hellip;]<\/p>\n","protected":false},"author":2,"featured_media":25482,"comment_status":"open","ping_status":"open","sticky":false,"template":"","format":"standard","meta":[],"categories":[64,63,59],"tags":[],"_links":{"self":[{"href":"http:\/\/noticiastelered.com\/PortalDNoticias\/wp-json\/wp\/v2\/posts\/25480"}],"collection":[{"href":"http:\/\/noticiastelered.com\/PortalDNoticias\/wp-json\/wp\/v2\/posts"}],"about":[{"href":"http:\/\/noticiastelered.com\/PortalDNoticias\/wp-json\/wp\/v2\/types\/post"}],"author":[{"embeddable":true,"href":"http:\/\/noticiastelered.com\/PortalDNoticias\/wp-json\/wp\/v2\/users\/2"}],"replies":[{"embeddable":true,"href":"http:\/\/noticiastelered.com\/PortalDNoticias\/wp-json\/wp\/v2\/comments?post=25480"}],"version-history":[{"count":1,"href":"http:\/\/noticiastelered.com\/PortalDNoticias\/wp-json\/wp\/v2\/posts\/25480\/revisions"}],"predecessor-version":[{"id":25483,"href":"http:\/\/noticiastelered.com\/PortalDNoticias\/wp-json\/wp\/v2\/posts\/25480\/revisions\/25483"}],"wp:featuredmedia":[{"embeddable":true,"href":"http:\/\/noticiastelered.com\/PortalDNoticias\/wp-json\/wp\/v2\/media\/25482"}],"wp:attachment":[{"href":"http:\/\/noticiastelered.com\/PortalDNoticias\/wp-json\/wp\/v2\/media?parent=25480"}],"wp:term":[{"taxonomy":"category","embeddable":true,"href":"http:\/\/noticiastelered.com\/PortalDNoticias\/wp-json\/wp\/v2\/categories?post=25480"},{"taxonomy":"post_tag","embeddable":true,"href":"http:\/\/noticiastelered.com\/PortalDNoticias\/wp-json\/wp\/v2\/tags?post=25480"}],"curies":[{"name":"wp","href":"https:\/\/api.w.org\/{rel}","templated":true}]}}