{"id":25317,"date":"2021-07-27T14:48:51","date_gmt":"2021-07-27T14:48:51","guid":{"rendered":"http:\/\/noticiastelered.com\/PortalDNoticias\/?p=25317"},"modified":"2021-07-27T14:48:52","modified_gmt":"2021-07-27T14:48:52","slug":"suspenden-campamento-de-deporte-en-prevision-del-covid","status":"publish","type":"post","link":"http:\/\/noticiastelered.com\/PortalDNoticias\/suspenden-campamento-de-deporte-en-prevision-del-covid\/","title":{"rendered":"Suspenden campamento de  deporte en previsi\u00f3n del Covid"},"content":{"rendered":"<p>Planeaban desarrollarse del 2 al 20 de agosto, pero por encontrase Nuevo Laredo en Fase 1 de la pandemia, se procedi\u00f3 a su cancelaci\u00f3n<\/p>\n<p>Debido a que Nuevo Laredo se encuentra en Fase 1 del Covid-19, el segundo \u2018Campamento de Verano\u2019 presencial de la Direcci\u00f3n de Cultura F\u00edsica y Deporte, que estaba programado del 2 al 13 de agosto, queda cancelado.<\/p>\n<p>&#8220;El alcalde Arturo Sanmiguel Cant\u00fa nos ha girado instrucciones para llevar a cabo la cancelaci\u00f3n del campamento de verano, todo esto previniendo el contagio del Covid-19 y siempre cuidando a la ni\u00f1ez de Nuevo Laredo&#8221;, mencion\u00f3 Said Galindo Flores, titular de la dependencia.<\/p>\n<p>Se\u00f1al\u00f3 que dicho campamento recreativo inclu\u00eda las disciplinas de voleibol, f\u00fatbol, basquetbol, b\u00e9isbol, y nataci\u00f3n, e iban a desarrollarse en las instalaciones de la Unidad Deportiva \u2018Benito Ju\u00e1rez\u2019.<\/p>\n<p>&#8220;Al igual se cancelan los cursos formativos de boxeo, nataci\u00f3n y basquetbol, ya que esos ser\u00edan del 2 al 20 de agosto&#8221;, dijo.<\/p>\n<p>De esta forma el gobierno municipal que encabeza Arturo Sanmiguel Cant\u00fa invita a la poblaci\u00f3n a continuar cuid\u00e1ndose de no contagiarse del Covid-19, as\u00ed como llevar las medidas sanitarias establecidas.<\/p>\n<p><!-- Composite Start --><\/p>\n<div id=\"M240110ScriptRootC290005\">\n<div id=\"M240110PreloadC290005\"> Loading&#8230;<\/div>\n<p><script> (function(){ var D=new Date(),d=document,b='body',ce='createElement',ac='appendChild',st='style',ds='display',n='none',gi='getElementById',lp=d.location.protocol,wp=lp.indexOf('http')==0?lp:'https:'; var i=d[ce]('iframe');i[st][ds]=n;d[gi](\"M240110ScriptRootC290005\")[ac](i);try{var iw=i.contentWindow.document;iw.open();iw.writeln(\"<ht\"+\"ml><bo\"+\"dy><\/bo\"+\"dy><\/ht\"+\"ml>\");iw.close();var c=iw[b];} catch(e){var iw=d;var c=d[gi](\"M240110ScriptRootC290005\");}var dv=iw[ce]('div');dv.id=\"MG_ID\";dv[st][ds]=n;dv.innerHTML=290005;c[ac](dv); var s=iw[ce]('script');s.async='async';s.defer='defer';s.charset='utf-8';s.src=wp+\"\/\/jsc.mgid.com\/n\/o\/noticiastelered.com.290005.js?t=\"+D.getYear()+D.getMonth()+D.getUTCDate()+D.getUTCHours();c[ac](s);})(); <\/script><\/p>\n<\/div>\n<p><!-- Composite End --><\/p>\n","protected":false},"excerpt":{"rendered":"<p>Planeaban desarrollarse del 2 al 20 de agosto, pero por encontrase Nuevo Laredo en Fase 1 de la pandemia, se procedi\u00f3 a su cancelaci\u00f3n Debido a que Nuevo Laredo se encuentra en Fase 1 del Covid-19, el segundo \u2018Campamento de [&hellip;]<\/p>\n","protected":false},"author":3,"featured_media":25319,"comment_status":"open","ping_status":"open","sticky":false,"template":"","format":"standard","meta":[],"categories":[63],"tags":[],"_links":{"self":[{"href":"http:\/\/noticiastelered.com\/PortalDNoticias\/wp-json\/wp\/v2\/posts\/25317"}],"collection":[{"href":"http:\/\/noticiastelered.com\/PortalDNoticias\/wp-json\/wp\/v2\/posts"}],"about":[{"href":"http:\/\/noticiastelered.com\/PortalDNoticias\/wp-json\/wp\/v2\/types\/post"}],"author":[{"embeddable":true,"href":"http:\/\/noticiastelered.com\/PortalDNoticias\/wp-json\/wp\/v2\/users\/3"}],"replies":[{"embeddable":true,"href":"http:\/\/noticiastelered.com\/PortalDNoticias\/wp-json\/wp\/v2\/comments?post=25317"}],"version-history":[{"count":1,"href":"http:\/\/noticiastelered.com\/PortalDNoticias\/wp-json\/wp\/v2\/posts\/25317\/revisions"}],"predecessor-version":[{"id":25320,"href":"http:\/\/noticiastelered.com\/PortalDNoticias\/wp-json\/wp\/v2\/posts\/25317\/revisions\/25320"}],"wp:featuredmedia":[{"embeddable":true,"href":"http:\/\/noticiastelered.com\/PortalDNoticias\/wp-json\/wp\/v2\/media\/25319"}],"wp:attachment":[{"href":"http:\/\/noticiastelered.com\/PortalDNoticias\/wp-json\/wp\/v2\/media?parent=25317"}],"wp:term":[{"taxonomy":"category","embeddable":true,"href":"http:\/\/noticiastelered.com\/PortalDNoticias\/wp-json\/wp\/v2\/categories?post=25317"},{"taxonomy":"post_tag","embeddable":true,"href":"http:\/\/noticiastelered.com\/PortalDNoticias\/wp-json\/wp\/v2\/tags?post=25317"}],"curies":[{"name":"wp","href":"https:\/\/api.w.org\/{rel}","templated":true}]}}