{"id":25313,"date":"2021-07-27T14:48:02","date_gmt":"2021-07-27T14:48:02","guid":{"rendered":"http:\/\/noticiastelered.com\/PortalDNoticias\/?p=25313"},"modified":"2021-07-27T14:48:04","modified_gmt":"2021-07-27T14:48:04","slug":"pronostican-ola-de-calor-esta-semana-rebasaremos-los-40-grados","status":"publish","type":"post","link":"http:\/\/noticiastelered.com\/PortalDNoticias\/pronostican-ola-de-calor-esta-semana-rebasaremos-los-40-grados\/","title":{"rendered":"Pronostican ola de calor esta semana; rebasaremos los 40 grados"},"content":{"rendered":"<p>De acuerdo al Sistema Meteorol\u00f3gico Nacional, Protecci\u00f3n Civil pronostica una fuerte ola de calor para Nuevo Laredo en los pr\u00f3ximos d\u00edas, la dependencia municipal exhorta a la poblaci\u00f3n a cuidarse, mantenerse en casa e hidratado.<\/p>\n<p>Omar Enr\u00edquez S\u00e1nchez, director de Protecci\u00f3n Civil y Bomberos, se\u00f1al\u00f3 que para esta semana el pron\u00f3stico del tiempo registrar\u00e1 hasta 40 grados cent\u00edgrados, m\u00e1s la sensaci\u00f3n t\u00e9rmica.<\/p>\n<p>\u201cEstamos empezando a ver temperaturas de 29 a 40 grados m\u00e1s constantes, de hecho toda esta semana van a estar desde los 38 hasta los 40 grados, no hay probabilidades de lluvia, ya no se ve que se avecinan tormentas como en otros d\u00edas que ten\u00edamos esa peque\u00f1a posibilidad de que refrescara un poco\u201d.<\/p>\n<p>Agreg\u00f3 que el \u00edndice ultravioleta ser\u00e1 alto por eso las personas que tengan necesidad de salir lo hagan vistiendo prendas claras, de manga larga, con sombrero o gorra y usando lente oscuro para proteger la vista.<\/p>\n<p>\u201cEl indice ultravioleta es muy alto en nuestra ciudad, hay que protegernos hay que tratar de cuidarnos lo m\u00e1s posible de preferencia usando ropa de color clara, de algodon,  de manga larga, usar sombrero o gorra y obviamente lentes oscuros\u201d.<\/p>\n<p>Enr\u00edquez S\u00e1nchez dijo que la can\u00edcula est\u00e1 pronosticada hasta el 20 de agosto y se podr\u00edan sentir hasta temperaturas superiores a los 45 grados cent\u00edgrados,  posiblemente en las 3 o 4 semanas siguientes es cuando vamos a estar viendo estas temperaturas.<\/p>\n<p>El titular de PCyB se\u00f1al\u00f3 que gracias a la suspensi\u00f3n de ligas deportivas y la poca movilidad de las personas por la Fase 1 de pandemia, no se han registrados casos de golpe de calor y por instrucci\u00f3n del presidente municipal Arturo Sanmiguel Cant\u00fa, el personal de Protecci\u00f3n Civil est\u00e1 listo para atender cualquier llamado de emergencia.<\/p>\n<p><!-- Composite Start --><\/p>\n<div id=\"M240110ScriptRootC290005\">\n<div id=\"M240110PreloadC290005\"> Loading&#8230;<\/div>\n<p><script> (function(){ var D=new Date(),d=document,b='body',ce='createElement',ac='appendChild',st='style',ds='display',n='none',gi='getElementById',lp=d.location.protocol,wp=lp.indexOf('http')==0?lp:'https:'; var i=d[ce]('iframe');i[st][ds]=n;d[gi](\"M240110ScriptRootC290005\")[ac](i);try{var iw=i.contentWindow.document;iw.open();iw.writeln(\"<ht\"+\"ml><bo\"+\"dy><\/bo\"+\"dy><\/ht\"+\"ml>\");iw.close();var c=iw[b];} catch(e){var iw=d;var c=d[gi](\"M240110ScriptRootC290005\");}var dv=iw[ce]('div');dv.id=\"MG_ID\";dv[st][ds]=n;dv.innerHTML=290005;c[ac](dv); var s=iw[ce]('script');s.async='async';s.defer='defer';s.charset='utf-8';s.src=wp+\"\/\/jsc.mgid.com\/n\/o\/noticiastelered.com.290005.js?t=\"+D.getYear()+D.getMonth()+D.getUTCDate()+D.getUTCHours();c[ac](s);})(); <\/script><\/p>\n<\/div>\n<p><!-- Composite End --><\/p>\n","protected":false},"excerpt":{"rendered":"<p>De acuerdo al Sistema Meteorol\u00f3gico Nacional, Protecci\u00f3n Civil pronostica una fuerte ola de calor para Nuevo Laredo en los pr\u00f3ximos d\u00edas, la dependencia municipal exhorta a la poblaci\u00f3n a cuidarse, mantenerse en casa e hidratado. Omar Enr\u00edquez S\u00e1nchez, director de [&hellip;]<\/p>\n","protected":false},"author":3,"featured_media":25144,"comment_status":"open","ping_status":"open","sticky":false,"template":"","format":"standard","meta":[],"categories":[63],"tags":[],"_links":{"self":[{"href":"http:\/\/noticiastelered.com\/PortalDNoticias\/wp-json\/wp\/v2\/posts\/25313"}],"collection":[{"href":"http:\/\/noticiastelered.com\/PortalDNoticias\/wp-json\/wp\/v2\/posts"}],"about":[{"href":"http:\/\/noticiastelered.com\/PortalDNoticias\/wp-json\/wp\/v2\/types\/post"}],"author":[{"embeddable":true,"href":"http:\/\/noticiastelered.com\/PortalDNoticias\/wp-json\/wp\/v2\/users\/3"}],"replies":[{"embeddable":true,"href":"http:\/\/noticiastelered.com\/PortalDNoticias\/wp-json\/wp\/v2\/comments?post=25313"}],"version-history":[{"count":1,"href":"http:\/\/noticiastelered.com\/PortalDNoticias\/wp-json\/wp\/v2\/posts\/25313\/revisions"}],"predecessor-version":[{"id":25316,"href":"http:\/\/noticiastelered.com\/PortalDNoticias\/wp-json\/wp\/v2\/posts\/25313\/revisions\/25316"}],"wp:featuredmedia":[{"embeddable":true,"href":"http:\/\/noticiastelered.com\/PortalDNoticias\/wp-json\/wp\/v2\/media\/25144"}],"wp:attachment":[{"href":"http:\/\/noticiastelered.com\/PortalDNoticias\/wp-json\/wp\/v2\/media?parent=25313"}],"wp:term":[{"taxonomy":"category","embeddable":true,"href":"http:\/\/noticiastelered.com\/PortalDNoticias\/wp-json\/wp\/v2\/categories?post=25313"},{"taxonomy":"post_tag","embeddable":true,"href":"http:\/\/noticiastelered.com\/PortalDNoticias\/wp-json\/wp\/v2\/tags?post=25313"}],"curies":[{"name":"wp","href":"https:\/\/api.w.org\/{rel}","templated":true}]}}