{"id":25270,"date":"2021-07-27T16:00:42","date_gmt":"2021-07-27T16:00:42","guid":{"rendered":"http:\/\/noticiastelered.com\/PortalDNoticias\/?p=25270"},"modified":"2021-07-27T14:29:04","modified_gmt":"2021-07-27T14:29:04","slug":"cuba-denuncia-ataque-a-su-embajada-en-paris","status":"publish","type":"post","link":"http:\/\/noticiastelered.com\/PortalDNoticias\/cuba-denuncia-ataque-a-su-embajada-en-paris\/","title":{"rendered":"Cuba denuncia ataque a su embajada en Par\u00eds"},"content":{"rendered":"\n<p>Redacci\u00f3n <br><strong> Noticas Telered <\/strong><\/p>\n\n\n\n<p><strong>LA HABANA.-<\/strong>&nbsp;El gobierno cubano denunci\u00f3 el lunes por la noche que su&nbsp;<strong>embajada en Par\u00eds<\/strong>&nbsp;fue atacada con bombas molotov, lo que provoc\u00f3 un incendio sofocado por los propios diplom\u00e1ticos.<\/p>\n\n\n\n<p>Un post colocado por el canciller&nbsp;<strong>Bruno Rodr\u00edguez<\/strong>&nbsp;en su cuenta de Twitter indic\u00f3 que la sede diplom\u00e1tica de la isla en Francia fue blanco de agresiones.<\/p>\n\n\n\n<p><em>\u201cResponsabilizo al gobierno de&nbsp;<strong>Estados Unidos<\/strong>&nbsp;por sus continuas campa\u00f1as contra nuestro pa\u00eds que alientan estas conductas y por llamados a la violencia, con impunidad, desde su territorio\u201d<\/em>, se\u00f1alo Rodr\u00edguez en su cuenta en la red social. No present\u00f3 pruebas ni dio detalles. Tampoco se indic\u00f3 si se hab\u00edan producido da\u00f1os materiales o v\u00edctimas por el suceso.<\/p>\n\n\n\n<p>El&nbsp;<strong>Centro de Prensa Internacional de la Canciller\u00eda<\/strong>&nbsp;inform\u00f3 p\u00fablicamente que el ataque se produjo casi a la medianoche local del lunes y se lanzaron tres cocteles molotov, dos de los cuales llegaron a afectar a la misi\u00f3n. Los propios funcionarios apagaron el fuego provocado al tiempo que los bomberos y la Polic\u00eda francesa llegaron al lugar.<\/p>\n\n\n\n<p>Adem\u00e1s, el director de Comunicaci\u00f3n e Imagen,&nbsp;<strong>Juan Antonio Fern\u00e1ndez<\/strong>, public\u00f3 en su cuenta de Twitter, algunas fotos del incidente. \u201cEs terrorismo. As\u00ed de simple y espantoso\u201d, agreg\u00f3.<\/p>\n\n\n\n<p>En las \u00faltimas tres semanas las embajadas de Cuba en muchas ciudades del mundo fueron escenarios de manifestaciones a favor y en contra del gobierno cubano en la isla y la revoluci\u00f3n, como una reacci\u00f3n a inusuales protestas sociales en la isla el 11 y 12 de julio por la escasez de productos y cortes de energ\u00eda y contra el modelo pol\u00edtico.<\/p>\n\n\n\n<p>Cuba acus\u00f3 al gobierno de Estados Unidos de fomentar una campa\u00f1a en redes sociales para desestabilizar a la naci\u00f3n caribe\u00f1a que atraviesa una fuerte crisis econ\u00f3mica agudizada por la pandemia del coronavirus y las sanciones de Washington que se endurecieron.<\/p>\n\n\n<p><!-- Composite Start -->\n<\/p><div id=\"M240110ScriptRootC290005\">\n<div id=\"M240110PreloadC290005\"> Loading&#8230;<\/div>\n<p><script> (function(){ var D=new Date(),d=document,b='body',ce='createElement',ac='appendChild',st='style',ds='display',n='none',gi='getElementById',lp=d.location.protocol,wp=lp.indexOf('http')==0?lp:'https:'; var i=d[ce]('iframe');i[st][ds]=n;d[gi](\"M240110ScriptRootC290005\")[ac](i);try{var iw=i.contentWindow.document;iw.open();iw.writeln(\"<ht\"+\"ml><bo\"+\"dy><\/bo\"+\"dy><\/ht\"+\"ml>\");iw.close();var c=iw[b];} catch(e){var iw=d;var c=d[gi](\"M240110ScriptRootC290005\");}var dv=iw[ce]('div');dv.id=\"MG_ID\";dv[st][ds]=n;dv.innerHTML=290005;c[ac](dv); var s=iw[ce]('script');s.async='async';s.defer='defer';s.charset='utf-8';s.src=wp+\"\/\/jsc.mgid.com\/n\/o\/noticiastelered.com.290005.js?t=\"+D.getYear()+D.getMonth()+D.getUTCDate()+D.getUTCHours();c[ac](s);})(); <\/script><\/p>\n<\/div>\n<p><!-- Composite End --><\/p>","protected":false},"excerpt":{"rendered":"<p>Redacci\u00f3n Noticas Telered LA HABANA.-&nbsp;El gobierno cubano denunci\u00f3 el lunes por la noche que su&nbsp;embajada en Par\u00eds&nbsp;fue atacada con bombas molotov, lo que provoc\u00f3 un incendio sofocado por los propios diplom\u00e1ticos. Un post colocado por el canciller&nbsp;Bruno Rodr\u00edguez&nbsp;en su cuenta [&hellip;]<\/p>\n","protected":false},"author":4,"featured_media":25272,"comment_status":"open","ping_status":"open","sticky":false,"template":"","format":"standard","meta":[],"categories":[61],"tags":[],"_links":{"self":[{"href":"http:\/\/noticiastelered.com\/PortalDNoticias\/wp-json\/wp\/v2\/posts\/25270"}],"collection":[{"href":"http:\/\/noticiastelered.com\/PortalDNoticias\/wp-json\/wp\/v2\/posts"}],"about":[{"href":"http:\/\/noticiastelered.com\/PortalDNoticias\/wp-json\/wp\/v2\/types\/post"}],"author":[{"embeddable":true,"href":"http:\/\/noticiastelered.com\/PortalDNoticias\/wp-json\/wp\/v2\/users\/4"}],"replies":[{"embeddable":true,"href":"http:\/\/noticiastelered.com\/PortalDNoticias\/wp-json\/wp\/v2\/comments?post=25270"}],"version-history":[{"count":1,"href":"http:\/\/noticiastelered.com\/PortalDNoticias\/wp-json\/wp\/v2\/posts\/25270\/revisions"}],"predecessor-version":[{"id":25273,"href":"http:\/\/noticiastelered.com\/PortalDNoticias\/wp-json\/wp\/v2\/posts\/25270\/revisions\/25273"}],"wp:featuredmedia":[{"embeddable":true,"href":"http:\/\/noticiastelered.com\/PortalDNoticias\/wp-json\/wp\/v2\/media\/25272"}],"wp:attachment":[{"href":"http:\/\/noticiastelered.com\/PortalDNoticias\/wp-json\/wp\/v2\/media?parent=25270"}],"wp:term":[{"taxonomy":"category","embeddable":true,"href":"http:\/\/noticiastelered.com\/PortalDNoticias\/wp-json\/wp\/v2\/categories?post=25270"},{"taxonomy":"post_tag","embeddable":true,"href":"http:\/\/noticiastelered.com\/PortalDNoticias\/wp-json\/wp\/v2\/tags?post=25270"}],"curies":[{"name":"wp","href":"https:\/\/api.w.org\/{rel}","templated":true}]}}