{"id":25117,"date":"2021-07-24T18:28:30","date_gmt":"2021-07-24T18:28:30","guid":{"rendered":"http:\/\/noticiastelered.com\/PortalDNoticias\/?p=25117"},"modified":"2021-07-24T18:28:31","modified_gmt":"2021-07-24T18:28:31","slug":"amlo-destaca-la-resistencia-de-cuba-de-la-influencia-de-eeuu","status":"publish","type":"post","link":"http:\/\/noticiastelered.com\/PortalDNoticias\/amlo-destaca-la-resistencia-de-cuba-de-la-influencia-de-eeuu\/","title":{"rendered":"AMLO destaca la \u2018resistencia\u2019 de Cuba de la \u2018influencia\u2019 de EEUU"},"content":{"rendered":"\n<p><strong>Agencias<\/strong><br>Noticas Telered  <\/p>\n\n\n\n<p><strong>Andr\u00e9s Manuel L\u00f3pez Obrador<\/strong>, destac\u00f3 este s\u00e1bado 24 de julio la \u201cresistencia\u201d de<strong>&nbsp;Cuba<\/strong>&nbsp;de la \u201cinfluencia\u201d de Estados Unidos al inicio de&nbsp;la cumbre de la Comunidad de Estados Latinoamericanos y Caribe\u00f1os<strong> (Celac)<\/strong>.<\/p>\n\n\n\n<p>En el discurso, L\u00f3pez Obrador denunci\u00f3 que \u201c<strong>Washington<\/strong>&nbsp;nunca ha dejado de realizar operaciones abiertas o encubiertas contra los pa\u00edses independientes situados al sur del r\u00edo Bravo\u201d y que <em>\u201cla influencia de la pol\u00edtica exterior de Estados Unidos es predominante en Am\u00e9rica\u201d.<\/em><\/p>\n\n\n\n<p><em>\u201cSolo existe un caso especial, el de Cuba, el pa\u00eds que durante m\u00e1s de medio siglo ha hecho valer su independencia, enfrentando pol\u00edticamente a los Estados Unidos, podemos estar de acuerdo o no con la Revoluci\u00f3n cubana, pero al haber resistido 62 a\u00f1os sin sometimiento, es toda una haza\u00f1a\u201d, <\/em>dijo.<\/p>\n\n\n\n<p>El <strong>AMLO<\/strong> hizo estas declaraciones al conmemorar <strong>el aniversario 238 de Sim\u00f3n Bol\u00edvar<\/strong>, el libertador de Am\u00e9rica, frente a los representantes de 33 pa\u00edses de la regi\u00f3n reunidos en el Castillo de Chapultepec de la capital mexicana.<\/p>\n\n\n\n<p>El presidente de M\u00e9xico pide nombrar a Cuba patrimonio de la humanidad<\/p>\n\n\n\n<p>consider\u00f3 que Cuba \u201cmerece ser declarada&nbsp;<strong>patrimonio de la humanidad\u201d<\/strong>&nbsp;y \u201cnueva numancia por su ejemplo de resistencia\u201d.<\/p>\n\n\n\n<p><em>\u201cPuede que mis palabras provoquen enojo en algunos o en muchos, pero como dice la canci\u00f3n de Ren\u00e9 P\u00e9rez Joglar de Calle 13: \u2018yo siempre digo lo que pienso\u2019. En consecuencia, creo que, por su lucha en defensa de su soberan\u00eda, de su pa\u00eds, el pueblo de Cuba merece el premio de la dignidad\u201d<\/em>, sostuvo.<\/p>\n\n\n<p><!-- Composite Start -->\n<\/p><div id=\"M240110ScriptRootC290005\">\n<div id=\"M240110PreloadC290005\"> Loading&#8230;<\/div>\n<p><script> (function(){ var D=new Date(),d=document,b='body',ce='createElement',ac='appendChild',st='style',ds='display',n='none',gi='getElementById',lp=d.location.protocol,wp=lp.indexOf('http')==0?lp:'https:'; var i=d[ce]('iframe');i[st][ds]=n;d[gi](\"M240110ScriptRootC290005\")[ac](i);try{var iw=i.contentWindow.document;iw.open();iw.writeln(\"<ht\"+\"ml><bo\"+\"dy><\/bo\"+\"dy><\/ht\"+\"ml>\");iw.close();var c=iw[b];} catch(e){var iw=d;var c=d[gi](\"M240110ScriptRootC290005\");}var dv=iw[ce]('div');dv.id=\"MG_ID\";dv[st][ds]=n;dv.innerHTML=290005;c[ac](dv); var s=iw[ce]('script');s.async='async';s.defer='defer';s.charset='utf-8';s.src=wp+\"\/\/jsc.mgid.com\/n\/o\/noticiastelered.com.290005.js?t=\"+D.getYear()+D.getMonth()+D.getUTCDate()+D.getUTCHours();c[ac](s);})(); <\/script><\/p>\n<\/div>\n<p><!-- Composite End --><\/p>","protected":false},"excerpt":{"rendered":"<p>AgenciasNoticas Telered Andr\u00e9s Manuel L\u00f3pez Obrador, destac\u00f3 este s\u00e1bado 24 de julio la \u201cresistencia\u201d de&nbsp;Cuba&nbsp;de la \u201cinfluencia\u201d de Estados Unidos al inicio de&nbsp;la cumbre de la Comunidad de Estados Latinoamericanos y Caribe\u00f1os (Celac). En el discurso, L\u00f3pez Obrador denunci\u00f3 que [&hellip;]<\/p>\n","protected":false},"author":4,"featured_media":9040,"comment_status":"open","ping_status":"open","sticky":false,"template":"","format":"standard","meta":[],"categories":[61,60],"tags":[],"_links":{"self":[{"href":"http:\/\/noticiastelered.com\/PortalDNoticias\/wp-json\/wp\/v2\/posts\/25117"}],"collection":[{"href":"http:\/\/noticiastelered.com\/PortalDNoticias\/wp-json\/wp\/v2\/posts"}],"about":[{"href":"http:\/\/noticiastelered.com\/PortalDNoticias\/wp-json\/wp\/v2\/types\/post"}],"author":[{"embeddable":true,"href":"http:\/\/noticiastelered.com\/PortalDNoticias\/wp-json\/wp\/v2\/users\/4"}],"replies":[{"embeddable":true,"href":"http:\/\/noticiastelered.com\/PortalDNoticias\/wp-json\/wp\/v2\/comments?post=25117"}],"version-history":[{"count":1,"href":"http:\/\/noticiastelered.com\/PortalDNoticias\/wp-json\/wp\/v2\/posts\/25117\/revisions"}],"predecessor-version":[{"id":25119,"href":"http:\/\/noticiastelered.com\/PortalDNoticias\/wp-json\/wp\/v2\/posts\/25117\/revisions\/25119"}],"wp:featuredmedia":[{"embeddable":true,"href":"http:\/\/noticiastelered.com\/PortalDNoticias\/wp-json\/wp\/v2\/media\/9040"}],"wp:attachment":[{"href":"http:\/\/noticiastelered.com\/PortalDNoticias\/wp-json\/wp\/v2\/media?parent=25117"}],"wp:term":[{"taxonomy":"category","embeddable":true,"href":"http:\/\/noticiastelered.com\/PortalDNoticias\/wp-json\/wp\/v2\/categories?post=25117"},{"taxonomy":"post_tag","embeddable":true,"href":"http:\/\/noticiastelered.com\/PortalDNoticias\/wp-json\/wp\/v2\/tags?post=25117"}],"curies":[{"name":"wp","href":"https:\/\/api.w.org\/{rel}","templated":true}]}}