{"id":25108,"date":"2021-07-24T17:31:43","date_gmt":"2021-07-24T17:31:43","guid":{"rendered":"http:\/\/noticiastelered.com\/PortalDNoticias\/?p=25108"},"modified":"2021-07-24T17:31:44","modified_gmt":"2021-07-24T17:31:44","slug":"docente-critica-a-padres-de-familia-por-falta-de-apoyo-en-clases-en-linea-alaban-el-6","status":"publish","type":"post","link":"http:\/\/noticiastelered.com\/PortalDNoticias\/docente-critica-a-padres-de-familia-por-falta-de-apoyo-en-clases-en-linea-alaban-el-6\/","title":{"rendered":"Docente critica a padres de familia por falta de apoyo en clases en l\u00ednea: \u201cAlaban el 6\u201d"},"content":{"rendered":"\n<p><strong>Agencias<\/strong><br>Noticas Telered <\/p>\n\n\n\n<p><strong>San Luis Potos\u00ed.- <\/strong>Maestra denunci\u00f3 que los padres y madres de familia, as\u00ed como las autoridades de la Secretar\u00eda de Educaci\u00f3n P\u00fablica (SEP), no apoyan al personal docente durante las&nbsp;<strong>clases en l\u00ednea&nbsp;<\/strong>dada la crisis sanitaria por COVID-19.<\/p>\n\n\n\n<p>La maestra, la cual esta a cargo de un grupo de preescolar, mencion\u00f3 que en sus hogares los alumnos son festejados cuando obtienen un seis de calificaci\u00f3n, que no recibe respuesta por parte de estos al momento de dialogar sobre la educaci\u00f3n de sus hijos y que las autoridades escolares tampoco han brindado apoyo para el regreso a clases presenciales.<\/p>\n\n\n\n<p><em>\u201cFestejan el 6: \u2018no entregu\u00e9 tarea pero sin embargo me gradu\u00e9\u2019, \u2018bravo por tu seis, soy un burro\u2019. Padres de familias, mi preocupaci\u00f3n, el que ustedes no comprendan la importancia del trabajo triple que se tiene que hacer\u201d.<\/em><\/p>\n\n\n\n<p><strong>Sobre la SEP<\/strong> dijo que la Secretar\u00eda no ha proporcionado apoyo a los docentes para llevar a cabo sus clases, que las herramientas que ha usado \u201chan salido de su bolsa pese a que su sueldo sea bajo\u201d.<\/p>\n\n\n\n<p>Dado que en&nbsp;<strong>San Luis Potos\u00ed<\/strong>&nbsp;el sem\u00e1foro&nbsp;COVID-19&nbsp;se mantiene en amarillo, la docente se\u00f1al\u00f3 que no se ha preparado un regreso seguro a las aulas.<\/p>\n\n\n\n<p>A\u00f1adi\u00f3 que en el&nbsp; <strong>ciclo escolar 2021-2022&nbsp;<\/strong>no ofrecer\u00e1 ning\u00fan descanso mayor para los docentes que a pesar que ya alcanzan jornadas laborales de 16 horas al d\u00eda.<\/p>\n\n\n<p><!-- Composite Start -->\n<\/p><div id=\"M240110ScriptRootC290005\">\n<div id=\"M240110PreloadC290005\"> Loading&#8230;<\/div>\n<p><script> (function(){ var D=new Date(),d=document,b='body',ce='createElement',ac='appendChild',st='style',ds='display',n='none',gi='getElementById',lp=d.location.protocol,wp=lp.indexOf('http')==0?lp:'https:'; var i=d[ce]('iframe');i[st][ds]=n;d[gi](\"M240110ScriptRootC290005\")[ac](i);try{var iw=i.contentWindow.document;iw.open();iw.writeln(\"<ht\"+\"ml><bo\"+\"dy><\/bo\"+\"dy><\/ht\"+\"ml>\");iw.close();var c=iw[b];} catch(e){var iw=d;var c=d[gi](\"M240110ScriptRootC290005\");}var dv=iw[ce]('div');dv.id=\"MG_ID\";dv[st][ds]=n;dv.innerHTML=290005;c[ac](dv); var s=iw[ce]('script');s.async='async';s.defer='defer';s.charset='utf-8';s.src=wp+\"\/\/jsc.mgid.com\/n\/o\/noticiastelered.com.290005.js?t=\"+D.getYear()+D.getMonth()+D.getUTCDate()+D.getUTCHours();c[ac](s);})(); <\/script><\/p>\n<\/div>\n<p><!-- Composite End --><\/p>","protected":false},"excerpt":{"rendered":"<p>AgenciasNoticas Telered San Luis Potos\u00ed.- Maestra denunci\u00f3 que los padres y madres de familia, as\u00ed como las autoridades de la Secretar\u00eda de Educaci\u00f3n P\u00fablica (SEP), no apoyan al personal docente durante las&nbsp;clases en l\u00ednea&nbsp;dada la crisis sanitaria por COVID-19. La [&hellip;]<\/p>\n","protected":false},"author":4,"featured_media":25110,"comment_status":"open","ping_status":"open","sticky":false,"template":"","format":"standard","meta":[],"categories":[7],"tags":[],"_links":{"self":[{"href":"http:\/\/noticiastelered.com\/PortalDNoticias\/wp-json\/wp\/v2\/posts\/25108"}],"collection":[{"href":"http:\/\/noticiastelered.com\/PortalDNoticias\/wp-json\/wp\/v2\/posts"}],"about":[{"href":"http:\/\/noticiastelered.com\/PortalDNoticias\/wp-json\/wp\/v2\/types\/post"}],"author":[{"embeddable":true,"href":"http:\/\/noticiastelered.com\/PortalDNoticias\/wp-json\/wp\/v2\/users\/4"}],"replies":[{"embeddable":true,"href":"http:\/\/noticiastelered.com\/PortalDNoticias\/wp-json\/wp\/v2\/comments?post=25108"}],"version-history":[{"count":1,"href":"http:\/\/noticiastelered.com\/PortalDNoticias\/wp-json\/wp\/v2\/posts\/25108\/revisions"}],"predecessor-version":[{"id":25111,"href":"http:\/\/noticiastelered.com\/PortalDNoticias\/wp-json\/wp\/v2\/posts\/25108\/revisions\/25111"}],"wp:featuredmedia":[{"embeddable":true,"href":"http:\/\/noticiastelered.com\/PortalDNoticias\/wp-json\/wp\/v2\/media\/25110"}],"wp:attachment":[{"href":"http:\/\/noticiastelered.com\/PortalDNoticias\/wp-json\/wp\/v2\/media?parent=25108"}],"wp:term":[{"taxonomy":"category","embeddable":true,"href":"http:\/\/noticiastelered.com\/PortalDNoticias\/wp-json\/wp\/v2\/categories?post=25108"},{"taxonomy":"post_tag","embeddable":true,"href":"http:\/\/noticiastelered.com\/PortalDNoticias\/wp-json\/wp\/v2\/tags?post=25108"}],"curies":[{"name":"wp","href":"https:\/\/api.w.org\/{rel}","templated":true}]}}