{"id":25096,"date":"2021-07-24T16:26:15","date_gmt":"2021-07-24T16:26:15","guid":{"rendered":"http:\/\/noticiastelered.com\/PortalDNoticias\/?p=25096"},"modified":"2021-07-24T16:26:16","modified_gmt":"2021-07-24T16:26:16","slug":"adriana-cerezo-con-tan-solo-17-anos-abre-el-podio-para-espana","status":"publish","type":"post","link":"http:\/\/noticiastelered.com\/PortalDNoticias\/adriana-cerezo-con-tan-solo-17-anos-abre-el-podio-para-espana\/","title":{"rendered":"Adriana Cerezo, con tan s\u00f3lo 17 a\u00f1os, abre el podio para Espa\u00f1a"},"content":{"rendered":"\n<p><strong>Agencias<\/strong><br>Noticias Telered <\/p>\n\n\n\n<p>Espa\u00f1a encontr\u00f3 en&nbsp;<strong>Adriana Cerezo,<\/strong>&nbsp;su atleta m\u00e1s joven en estaos Juegos Ol\u00edmpicos a su primera medallista. Logr\u00f3 ganar la presea de plata en la categor\u00eda de hasta 49 kilos en el taekwondo.<\/p>\n\n\n\n<p>Cerezo sali\u00f3 a la pista sonriendo, celebrando antes de comenzar una final que se tom\u00f3 con m\u00e1s cautela y cabeza fr\u00eda que los combates anteriores y en el que termin\u00f3 derrotada por un ajustado 11-10 cuando restaban siete segundos por una patada certera de la tailandesa Panipak Wongpattanakit, n\u00famero uno del mundo y bronce en R\u00edo 2016.<\/p>\n\n\n\n<p>La hasta ahora nombrada promesa espa\u00f1ola de este deporte, convertida ya en referente, reconoci\u00f3 la victoria de su rival entre l\u00e1grimas de frustraci\u00f3n, pues su meta en Tokio era conseguir el oro.<\/p>\n\n\n\n<p>La madrile\u00f1a roz\u00f3 lo m\u00e1s alto del podio a pesar de combatir sin el arrojo del p\u00fablico en las instalaciones deportivas pr\u00e1cticamente vac\u00edas preparadas expresamente en el centro de convenciones Makuhari Messe de&nbsp;<strong>Chiba<\/strong>, al este de la capital.<\/p>\n\n\n\n<p><strong>Adriana Cerezo<\/strong>&nbsp;asegur\u00f3 la primera medalla para&nbsp;<strong>Espa\u00f1a<\/strong>&nbsp;tras vencer por 39 a 19 en semifinales a la turca&nbsp;<strong>Rukiye Yildirim<\/strong>, cuarta del mundo, en un en\u00e9rgico combate en el que abri\u00f3 el marcador con una patada en la cabeza y en el que presion\u00f3 con golpes y patadas al cuerpo sin dejar que las penalizaciones mutuas la distrajeran.<\/p>\n\n\n\n<p>Con tan s\u00f3lo 17 a\u00f1os,&nbsp;<strong>Adriana<\/strong> se ha convertido en la cuarta medallista ol\u00edmpica espa\u00f1ola m\u00e1s joven en una categor\u00eda individual<\/p>\n\n\n<p><!-- Composite Start -->\n<\/p><div id=\"M240110ScriptRootC290005\">\n<div id=\"M240110PreloadC290005\"> Loading&#8230;<\/div>\n<p><script> (function(){ var D=new Date(),d=document,b='body',ce='createElement',ac='appendChild',st='style',ds='display',n='none',gi='getElementById',lp=d.location.protocol,wp=lp.indexOf('http')==0?lp:'https:'; var i=d[ce]('iframe');i[st][ds]=n;d[gi](\"M240110ScriptRootC290005\")[ac](i);try{var iw=i.contentWindow.document;iw.open();iw.writeln(\"<ht\"+\"ml><bo\"+\"dy><\/bo\"+\"dy><\/ht\"+\"ml>\");iw.close();var c=iw[b];} catch(e){var iw=d;var c=d[gi](\"M240110ScriptRootC290005\");}var dv=iw[ce]('div');dv.id=\"MG_ID\";dv[st][ds]=n;dv.innerHTML=290005;c[ac](dv); var s=iw[ce]('script');s.async='async';s.defer='defer';s.charset='utf-8';s.src=wp+\"\/\/jsc.mgid.com\/n\/o\/noticiastelered.com.290005.js?t=\"+D.getYear()+D.getMonth()+D.getUTCDate()+D.getUTCHours();c[ac](s);})(); <\/script><\/p>\n<\/div>\n<p><!-- Composite End --><\/p>","protected":false},"excerpt":{"rendered":"<p>AgenciasNoticias Telered Espa\u00f1a encontr\u00f3 en&nbsp;Adriana Cerezo,&nbsp;su atleta m\u00e1s joven en estaos Juegos Ol\u00edmpicos a su primera medallista. Logr\u00f3 ganar la presea de plata en la categor\u00eda de hasta 49 kilos en el taekwondo. Cerezo sali\u00f3 a la pista sonriendo, celebrando [&hellip;]<\/p>\n","protected":false},"author":4,"featured_media":25098,"comment_status":"open","ping_status":"open","sticky":false,"template":"","format":"standard","meta":[],"categories":[6,66,61],"tags":[],"_links":{"self":[{"href":"http:\/\/noticiastelered.com\/PortalDNoticias\/wp-json\/wp\/v2\/posts\/25096"}],"collection":[{"href":"http:\/\/noticiastelered.com\/PortalDNoticias\/wp-json\/wp\/v2\/posts"}],"about":[{"href":"http:\/\/noticiastelered.com\/PortalDNoticias\/wp-json\/wp\/v2\/types\/post"}],"author":[{"embeddable":true,"href":"http:\/\/noticiastelered.com\/PortalDNoticias\/wp-json\/wp\/v2\/users\/4"}],"replies":[{"embeddable":true,"href":"http:\/\/noticiastelered.com\/PortalDNoticias\/wp-json\/wp\/v2\/comments?post=25096"}],"version-history":[{"count":1,"href":"http:\/\/noticiastelered.com\/PortalDNoticias\/wp-json\/wp\/v2\/posts\/25096\/revisions"}],"predecessor-version":[{"id":25099,"href":"http:\/\/noticiastelered.com\/PortalDNoticias\/wp-json\/wp\/v2\/posts\/25096\/revisions\/25099"}],"wp:featuredmedia":[{"embeddable":true,"href":"http:\/\/noticiastelered.com\/PortalDNoticias\/wp-json\/wp\/v2\/media\/25098"}],"wp:attachment":[{"href":"http:\/\/noticiastelered.com\/PortalDNoticias\/wp-json\/wp\/v2\/media?parent=25096"}],"wp:term":[{"taxonomy":"category","embeddable":true,"href":"http:\/\/noticiastelered.com\/PortalDNoticias\/wp-json\/wp\/v2\/categories?post=25096"},{"taxonomy":"post_tag","embeddable":true,"href":"http:\/\/noticiastelered.com\/PortalDNoticias\/wp-json\/wp\/v2\/tags?post=25096"}],"curies":[{"name":"wp","href":"https:\/\/api.w.org\/{rel}","templated":true}]}}