{"id":25069,"date":"2021-07-23T22:03:18","date_gmt":"2021-07-23T22:03:18","guid":{"rendered":"http:\/\/noticiastelered.com\/PortalDNoticias\/?p=25069"},"modified":"2021-07-23T22:03:19","modified_gmt":"2021-07-23T22:03:19","slug":"abren-registro-al-curso-de-verano-de-basquetbol","status":"publish","type":"post","link":"http:\/\/noticiastelered.com\/PortalDNoticias\/abren-registro-al-curso-de-verano-de-basquetbol\/","title":{"rendered":"Abren registro al curso de verano de b\u00e1squetbol"},"content":{"rendered":"<p>Las clases son ni\u00f1as y ni\u00f1os de 4 a\u00f1os en adelante, y j\u00f3venes hasta los 18 a\u00f1os, en rama varonil y femenil<\/p>\n<p>La Direcci\u00f3n de Deporte Municipal invita a ni\u00f1os, ni\u00f1as y adolescentes a participar en el segundo campamento de verano de b\u00e1squetbol del 2 al 20 de agosto.<\/p>\n<p>El campamento est\u00e1 dirigido a ni\u00f1os y ni\u00f1as de 4 a\u00f1os en adelante, y j\u00f3venes hasta los 18, en rama femenil y varonil.<\/p>\n<p>El curso se desarrollar\u00e1 en dos sedes en las instalaciones de Sedatu ubicado en la calle Lago de Chapala y Francisco Villa de 9 a 11 de la ma\u00f1ana y en la Unidad Deportiva Benito Ju\u00e1rez de 12 del medio d\u00eda a 2 de la tarde.<\/p>\n<p>No te quedes fuera y reg\u00edstrate en las oficinas ubicadas dentro de la Unidad Deportiva Benito Ju\u00e1rez o para mayores informes comunicarse al tel\u00e9fono 867719-478, el cupo es limitado.<\/p>\n<p><!-- Composite Start --><\/p>\n<div id=\"M240110ScriptRootC290005\">\n<div id=\"M240110PreloadC290005\"> Loading&#8230;<\/div>\n<p><script> (function(){ var D=new Date(),d=document,b='body',ce='createElement',ac='appendChild',st='style',ds='display',n='none',gi='getElementById',lp=d.location.protocol,wp=lp.indexOf('http')==0?lp:'https:'; var i=d[ce]('iframe');i[st][ds]=n;d[gi](\"M240110ScriptRootC290005\")[ac](i);try{var iw=i.contentWindow.document;iw.open();iw.writeln(\"<ht\"+\"ml><bo\"+\"dy><\/bo\"+\"dy><\/ht\"+\"ml>\");iw.close();var c=iw[b];} catch(e){var iw=d;var c=d[gi](\"M240110ScriptRootC290005\");}var dv=iw[ce]('div');dv.id=\"MG_ID\";dv[st][ds]=n;dv.innerHTML=290005;c[ac](dv); var s=iw[ce]('script');s.async='async';s.defer='defer';s.charset='utf-8';s.src=wp+\"\/\/jsc.mgid.com\/n\/o\/noticiastelered.com.290005.js?t=\"+D.getYear()+D.getMonth()+D.getUTCDate()+D.getUTCHours();c[ac](s);})(); <\/script><\/p>\n<\/div>\n<p><!-- Composite End --><\/p>\n","protected":false},"excerpt":{"rendered":"<p>Las clases son ni\u00f1as y ni\u00f1os de 4 a\u00f1os en adelante, y j\u00f3venes hasta los 18 a\u00f1os, en rama varonil y femenil La Direcci\u00f3n de Deporte Municipal invita a ni\u00f1os, ni\u00f1as y adolescentes a participar en el segundo campamento de [&hellip;]<\/p>\n","protected":false},"author":3,"featured_media":25071,"comment_status":"open","ping_status":"open","sticky":false,"template":"","format":"standard","meta":[],"categories":[63],"tags":[],"_links":{"self":[{"href":"http:\/\/noticiastelered.com\/PortalDNoticias\/wp-json\/wp\/v2\/posts\/25069"}],"collection":[{"href":"http:\/\/noticiastelered.com\/PortalDNoticias\/wp-json\/wp\/v2\/posts"}],"about":[{"href":"http:\/\/noticiastelered.com\/PortalDNoticias\/wp-json\/wp\/v2\/types\/post"}],"author":[{"embeddable":true,"href":"http:\/\/noticiastelered.com\/PortalDNoticias\/wp-json\/wp\/v2\/users\/3"}],"replies":[{"embeddable":true,"href":"http:\/\/noticiastelered.com\/PortalDNoticias\/wp-json\/wp\/v2\/comments?post=25069"}],"version-history":[{"count":1,"href":"http:\/\/noticiastelered.com\/PortalDNoticias\/wp-json\/wp\/v2\/posts\/25069\/revisions"}],"predecessor-version":[{"id":25072,"href":"http:\/\/noticiastelered.com\/PortalDNoticias\/wp-json\/wp\/v2\/posts\/25069\/revisions\/25072"}],"wp:featuredmedia":[{"embeddable":true,"href":"http:\/\/noticiastelered.com\/PortalDNoticias\/wp-json\/wp\/v2\/media\/25071"}],"wp:attachment":[{"href":"http:\/\/noticiastelered.com\/PortalDNoticias\/wp-json\/wp\/v2\/media?parent=25069"}],"wp:term":[{"taxonomy":"category","embeddable":true,"href":"http:\/\/noticiastelered.com\/PortalDNoticias\/wp-json\/wp\/v2\/categories?post=25069"},{"taxonomy":"post_tag","embeddable":true,"href":"http:\/\/noticiastelered.com\/PortalDNoticias\/wp-json\/wp\/v2\/tags?post=25069"}],"curies":[{"name":"wp","href":"https:\/\/api.w.org\/{rel}","templated":true}]}}