{"id":24875,"date":"2021-07-19T13:51:52","date_gmt":"2021-07-19T13:51:52","guid":{"rendered":"http:\/\/noticiastelered.com\/PortalDNoticias\/?p=24875"},"modified":"2021-07-19T13:51:53","modified_gmt":"2021-07-19T13:51:53","slug":"sammy-en-la-cuerda-floja-podria-ser-intubado-tras-complicaciones-por-covid","status":"publish","type":"post","link":"http:\/\/noticiastelered.com\/PortalDNoticias\/sammy-en-la-cuerda-floja-podria-ser-intubado-tras-complicaciones-por-covid\/","title":{"rendered":"\u201cSammy\u201d en la cuerda floja, podr\u00eda ser intubado tras complicaciones por COVID"},"content":{"rendered":"<p>Ciudad de M\u00e9xico<\/p>\n<p>Las malas noticias siguen sobre la salud de \u201cSammy\u201d P\u00e9rez, quien padece COVID-19. El comediante se encuentra \u201cen la cuerda floja\u201d, ya que las personas m\u00e1s allegadas a \u00e9l se\u00f1alaron que su salud ha empeorado.<\/p>\n<p>A trav\u00e9s de sus redes sociales oficiales, Erik de Paz, representante de \u201cSammy\u201d, inform\u00f3 que se encuentra luchando una batalla importante contra el virus, por lo que su estado es grave.<\/p>\n<p>El m\u00e1nager detall\u00f3 que \u201cSammy\u201d fue ingresado a un centro de salud privado esto debido a complicaciones por coronavirus.<\/p>\n<p>\u201cLos pulmones iban muy da\u00f1ados, estuvimos en pl\u00e1ticas con el doctor, tuve comunicaci\u00f3n con el m\u00e9dico y me dijo que empeor\u00f3, tuvo un decaimiento bastante fuerte\u201d, dijo.<\/p>\n<p>Por otro lado, Erick de Paz explic\u00f3 que la \u00faltima noticia a mediod\u00eda es que \u201cSammy\u201d acept\u00f3 el aparato, \u201cest\u00e1 estable dentro del panorama delicado que se encuentra\u201d.<\/p>\n<p>Sammy est\u00e1 siendo monitoreado por m\u00e9dicos para ver si necesita intubaci\u00f3n o no.<\/p>\n<p>\u201cNos toca m\u00e1s esperar, a ver c\u00f3mo evoluciona Sammy, el doctor me dec\u00eda que ahorita se tiene un punto muy complicado, si \u00e9l tolera este aparato y logra evolucionar el cuerpo lo va a reflejar\u201d, concluy\u00f3.<\/p>\n<p>Informaci\u00f3n de Vox Populi Noticias<\/p>\n<p><!-- Composite Start --><\/p>\n<div id=\"M240110ScriptRootC290005\">\n<div id=\"M240110PreloadC290005\"> Loading&#8230;<\/div>\n<p><script> (function(){ var D=new Date(),d=document,b='body',ce='createElement',ac='appendChild',st='style',ds='display',n='none',gi='getElementById',lp=d.location.protocol,wp=lp.indexOf('http')==0?lp:'https:'; var i=d[ce]('iframe');i[st][ds]=n;d[gi](\"M240110ScriptRootC290005\")[ac](i);try{var iw=i.contentWindow.document;iw.open();iw.writeln(\"<ht\"+\"ml><bo\"+\"dy><\/bo\"+\"dy><\/ht\"+\"ml>\");iw.close();var c=iw[b];} catch(e){var iw=d;var c=d[gi](\"M240110ScriptRootC290005\");}var dv=iw[ce]('div');dv.id=\"MG_ID\";dv[st][ds]=n;dv.innerHTML=290005;c[ac](dv); var s=iw[ce]('script');s.async='async';s.defer='defer';s.charset='utf-8';s.src=wp+\"\/\/jsc.mgid.com\/n\/o\/noticiastelered.com.290005.js?t=\"+D.getYear()+D.getMonth()+D.getUTCDate()+D.getUTCHours();c[ac](s);})(); <\/script><\/p>\n<\/div>\n<p><!-- Composite End --><\/p>\n","protected":false},"excerpt":{"rendered":"<p>Ciudad de M\u00e9xico Las malas noticias siguen sobre la salud de \u201cSammy\u201d P\u00e9rez, quien padece COVID-19. El comediante se encuentra \u201cen la cuerda floja\u201d, ya que las personas m\u00e1s allegadas a \u00e9l se\u00f1alaron que su salud ha empeorado. A trav\u00e9s [&hellip;]<\/p>\n","protected":false},"author":3,"featured_media":24877,"comment_status":"open","ping_status":"open","sticky":false,"template":"","format":"standard","meta":[],"categories":[61],"tags":[],"_links":{"self":[{"href":"http:\/\/noticiastelered.com\/PortalDNoticias\/wp-json\/wp\/v2\/posts\/24875"}],"collection":[{"href":"http:\/\/noticiastelered.com\/PortalDNoticias\/wp-json\/wp\/v2\/posts"}],"about":[{"href":"http:\/\/noticiastelered.com\/PortalDNoticias\/wp-json\/wp\/v2\/types\/post"}],"author":[{"embeddable":true,"href":"http:\/\/noticiastelered.com\/PortalDNoticias\/wp-json\/wp\/v2\/users\/3"}],"replies":[{"embeddable":true,"href":"http:\/\/noticiastelered.com\/PortalDNoticias\/wp-json\/wp\/v2\/comments?post=24875"}],"version-history":[{"count":1,"href":"http:\/\/noticiastelered.com\/PortalDNoticias\/wp-json\/wp\/v2\/posts\/24875\/revisions"}],"predecessor-version":[{"id":24878,"href":"http:\/\/noticiastelered.com\/PortalDNoticias\/wp-json\/wp\/v2\/posts\/24875\/revisions\/24878"}],"wp:featuredmedia":[{"embeddable":true,"href":"http:\/\/noticiastelered.com\/PortalDNoticias\/wp-json\/wp\/v2\/media\/24877"}],"wp:attachment":[{"href":"http:\/\/noticiastelered.com\/PortalDNoticias\/wp-json\/wp\/v2\/media?parent=24875"}],"wp:term":[{"taxonomy":"category","embeddable":true,"href":"http:\/\/noticiastelered.com\/PortalDNoticias\/wp-json\/wp\/v2\/categories?post=24875"},{"taxonomy":"post_tag","embeddable":true,"href":"http:\/\/noticiastelered.com\/PortalDNoticias\/wp-json\/wp\/v2\/tags?post=24875"}],"curies":[{"name":"wp","href":"https:\/\/api.w.org\/{rel}","templated":true}]}}