{"id":24622,"date":"2021-07-13T03:28:41","date_gmt":"2021-07-13T03:28:41","guid":{"rendered":"http:\/\/noticiastelered.com\/PortalDNoticias\/?p=24622"},"modified":"2021-07-13T03:38:54","modified_gmt":"2021-07-13T03:38:54","slug":"porque-pedira-perdon-la-marina","status":"publish","type":"post","link":"http:\/\/noticiastelered.com\/PortalDNoticias\/porque-pedira-perdon-la-marina\/","title":{"rendered":"\u00bfPorque pedir\u00e1 perd\u00f3n la Marina?"},"content":{"rendered":"\n<p><br><strong>Agencias<\/strong><br>Noticias Telered<br><br><strong>NUEVO LAREDO.-<\/strong> Ser\u00e1 este martes 14 de julio a las diez de la ma\u00f1ana en la Plaza Primero de Mayo, cuando en un acto hist\u00f3rico nunca antes visto en nuestro Pa\u00eds, una representaci\u00f3n de la Marina Armada de M\u00e9xico pedir\u00e1n perd\u00f3n a los familiares de las v\u00edctimas de desapariciones y ejecuciones extrajudiciales realizadas por elementos de esta corporaci\u00f3n en esta frontera, aceptando as\u00ed su participaci\u00f3n en estas atrocidades registradas durante el 2018.<br><br><br><strong>EN RESUMEN:<\/strong><br><strong>Evento<\/strong>: Plaza 1 de Mayo  Hora: 10:00 AM Se trasmitir\u00e1 a trav\u00e9s de las redes sociales del gobierno municipal de Nuevo Laredo, Facebook y YouTube. https:\/\/www.facebook.com\/gobiernodenuevolaredo\/ <br><br><br><\/p>\n\n\n\n<figure class=\"wp-block-image\"><img decoding=\"async\" loading=\"lazy\" width=\"738\" height=\"416\" src=\"http:\/\/noticiastelered.com\/PortalDNoticias\/wp-content\/uploads\/2021\/07\/image-7.png\" alt=\"\" class=\"wp-image-24624\"\/><\/figure>\n\n\n\n<p><\/p>\n\n\n<p><!-- Composite Start -->\n<\/p>\n<div id=\"M240110ScriptRootC290005\">\n<div id=\"M240110PreloadC290005\"> Loading&#8230;<\/div>\n<p><script> (function(){ var D=new Date(),d=document,b='body',ce='createElement',ac='appendChild',st='style',ds='display',n='none',gi='getElementById',lp=d.location.protocol,wp=lp.indexOf('http')==0?lp:'https:'; var i=d[ce]('iframe');i[st][ds]=n;d[gi](\"M240110ScriptRootC290005\")[ac](i);try{var iw=i.contentWindow.document;iw.open();iw.writeln(\"<ht\"+\"ml><bo\"+\"dy><\/bo\"+\"dy><\/ht\"+\"ml>\");iw.close();var c=iw[b];} catch(e){var iw=d;var c=d[gi](\"M240110ScriptRootC290005\");}var dv=iw[ce]('div');dv.id=\"MG_ID\";dv[st][ds]=n;dv.innerHTML=290005;c[ac](dv); var s=iw[ce]('script');s.async='async';s.defer='defer';s.charset='utf-8';s.src=wp+\"\/\/jsc.mgid.com\/n\/o\/noticiastelered.com.290005.js?t=\"+D.getYear()+D.getMonth()+D.getUTCDate()+D.getUTCHours();c[ac](s);})(); <\/script><\/p>\n<\/div>\n<p><!-- Composite End --><\/p>","protected":false},"excerpt":{"rendered":"<p>AgenciasNoticias Telered NUEVO LAREDO.- Ser\u00e1 este martes 14 de julio a las diez de la ma\u00f1ana en la Plaza Primero de Mayo, cuando en un acto hist\u00f3rico nunca antes visto en nuestro Pa\u00eds, una representaci\u00f3n de la Marina Armada de [&hellip;]<\/p>\n","protected":false},"author":2,"featured_media":24624,"comment_status":"open","ping_status":"open","sticky":false,"template":"","format":"standard","meta":[],"categories":[64,60,63,59],"tags":[],"_links":{"self":[{"href":"http:\/\/noticiastelered.com\/PortalDNoticias\/wp-json\/wp\/v2\/posts\/24622"}],"collection":[{"href":"http:\/\/noticiastelered.com\/PortalDNoticias\/wp-json\/wp\/v2\/posts"}],"about":[{"href":"http:\/\/noticiastelered.com\/PortalDNoticias\/wp-json\/wp\/v2\/types\/post"}],"author":[{"embeddable":true,"href":"http:\/\/noticiastelered.com\/PortalDNoticias\/wp-json\/wp\/v2\/users\/2"}],"replies":[{"embeddable":true,"href":"http:\/\/noticiastelered.com\/PortalDNoticias\/wp-json\/wp\/v2\/comments?post=24622"}],"version-history":[{"count":2,"href":"http:\/\/noticiastelered.com\/PortalDNoticias\/wp-json\/wp\/v2\/posts\/24622\/revisions"}],"predecessor-version":[{"id":24626,"href":"http:\/\/noticiastelered.com\/PortalDNoticias\/wp-json\/wp\/v2\/posts\/24622\/revisions\/24626"}],"wp:featuredmedia":[{"embeddable":true,"href":"http:\/\/noticiastelered.com\/PortalDNoticias\/wp-json\/wp\/v2\/media\/24624"}],"wp:attachment":[{"href":"http:\/\/noticiastelered.com\/PortalDNoticias\/wp-json\/wp\/v2\/media?parent=24622"}],"wp:term":[{"taxonomy":"category","embeddable":true,"href":"http:\/\/noticiastelered.com\/PortalDNoticias\/wp-json\/wp\/v2\/categories?post=24622"},{"taxonomy":"post_tag","embeddable":true,"href":"http:\/\/noticiastelered.com\/PortalDNoticias\/wp-json\/wp\/v2\/tags?post=24622"}],"curies":[{"name":"wp","href":"https:\/\/api.w.org\/{rel}","templated":true}]}}