{"id":24545,"date":"2021-07-11T01:28:18","date_gmt":"2021-07-11T01:28:18","guid":{"rendered":"http:\/\/noticiastelered.com\/PortalDNoticias\/?p=24545"},"modified":"2021-07-11T01:30:02","modified_gmt":"2021-07-11T01:30:02","slug":"denuncia-contra-guardia-nacional-y-militares-por-cateo-fallido","status":"publish","type":"post","link":"http:\/\/noticiastelered.com\/PortalDNoticias\/denuncia-contra-guardia-nacional-y-militares-por-cateo-fallido\/","title":{"rendered":"Denuncian a la Guardia Nacional y militares por cateo fallido"},"content":{"rendered":"\n<p><\/p>\n\n\n\n<p><br><strong>Agencias<\/strong><br>Noticias Telered<br><br><strong>NUEVO LAREDO.-<\/strong> Felipe de Jes\u00fas L\u00f3pez Reyes present\u00f3 una denuncia ante la Fiscal\u00eda General de Justicia de Tamaulipas delegaci\u00f3n Nuevo Laredo (FGJT), por cateo fallido contra el Grupo de b\u00fasqueda de desaparecidos.<br><br>La denuncia fue puesta por abuso de autoridad, allanamiento, lesiones Y da\u00f1o en propiedad, la carpeta de investigaci\u00f3n NUC 336\/2021, iniciada en la unidad #1 por el agente del ministerio p\u00fablico Lic. Remy Guadalupe Garcia Cortez<\/p>\n\n\n\n<p>Luego de esto el denunciante fue sometido a una revisi\u00f3n m\u00e9dica y examen psicol\u00f3gico, donde Felipe se\u00f1al\u00f3 tener miedo que regresen las autoridades federales y tomen represalias.<\/p>\n\n\n\n<p><\/p>\n\n\n\n<p>Los hechos ocurrieron en el domicilio ubicado en la calle Santa Ursula #7142 en la colonia el maestro.<\/p>\n\n\n<p><!-- Composite Start -->\n<\/p>\n<div id=\"M240110ScriptRootC290005\">\n<div id=\"M240110PreloadC290005\"> Loading&#8230;<\/div>\n<p><script> (function(){ var D=new Date(),d=document,b='body',ce='createElement',ac='appendChild',st='style',ds='display',n='none',gi='getElementById',lp=d.location.protocol,wp=lp.indexOf('http')==0?lp:'https:'; var i=d[ce]('iframe');i[st][ds]=n;d[gi](\"M240110ScriptRootC290005\")[ac](i);try{var iw=i.contentWindow.document;iw.open();iw.writeln(\"<ht\"+\"ml><bo\"+\"dy><\/bo\"+\"dy><\/ht\"+\"ml>\");iw.close();var c=iw[b];} catch(e){var iw=d;var c=d[gi](\"M240110ScriptRootC290005\");}var dv=iw[ce]('div');dv.id=\"MG_ID\";dv[st][ds]=n;dv.innerHTML=290005;c[ac](dv); var s=iw[ce]('script');s.async='async';s.defer='defer';s.charset='utf-8';s.src=wp+\"\/\/jsc.mgid.com\/n\/o\/noticiastelered.com.290005.js?t=\"+D.getYear()+D.getMonth()+D.getUTCDate()+D.getUTCHours();c[ac](s);})(); <\/script><\/p>\n<\/div>\n<p><!-- Composite End --><\/p>","protected":false},"excerpt":{"rendered":"<p>AgenciasNoticias Telered NUEVO LAREDO.- Felipe de Jes\u00fas L\u00f3pez Reyes present\u00f3 una denuncia ante la Fiscal\u00eda General de Justicia de Tamaulipas delegaci\u00f3n Nuevo Laredo (FGJT), por cateo fallido contra el Grupo de b\u00fasqueda de desaparecidos. La denuncia fue puesta por abuso [&hellip;]<\/p>\n","protected":false},"author":2,"featured_media":24547,"comment_status":"open","ping_status":"open","sticky":false,"template":"","format":"standard","meta":[],"categories":[60,63,59],"tags":[],"_links":{"self":[{"href":"http:\/\/noticiastelered.com\/PortalDNoticias\/wp-json\/wp\/v2\/posts\/24545"}],"collection":[{"href":"http:\/\/noticiastelered.com\/PortalDNoticias\/wp-json\/wp\/v2\/posts"}],"about":[{"href":"http:\/\/noticiastelered.com\/PortalDNoticias\/wp-json\/wp\/v2\/types\/post"}],"author":[{"embeddable":true,"href":"http:\/\/noticiastelered.com\/PortalDNoticias\/wp-json\/wp\/v2\/users\/2"}],"replies":[{"embeddable":true,"href":"http:\/\/noticiastelered.com\/PortalDNoticias\/wp-json\/wp\/v2\/comments?post=24545"}],"version-history":[{"count":2,"href":"http:\/\/noticiastelered.com\/PortalDNoticias\/wp-json\/wp\/v2\/posts\/24545\/revisions"}],"predecessor-version":[{"id":24549,"href":"http:\/\/noticiastelered.com\/PortalDNoticias\/wp-json\/wp\/v2\/posts\/24545\/revisions\/24549"}],"wp:featuredmedia":[{"embeddable":true,"href":"http:\/\/noticiastelered.com\/PortalDNoticias\/wp-json\/wp\/v2\/media\/24547"}],"wp:attachment":[{"href":"http:\/\/noticiastelered.com\/PortalDNoticias\/wp-json\/wp\/v2\/media?parent=24545"}],"wp:term":[{"taxonomy":"category","embeddable":true,"href":"http:\/\/noticiastelered.com\/PortalDNoticias\/wp-json\/wp\/v2\/categories?post=24545"},{"taxonomy":"post_tag","embeddable":true,"href":"http:\/\/noticiastelered.com\/PortalDNoticias\/wp-json\/wp\/v2\/tags?post=24545"}],"curies":[{"name":"wp","href":"https:\/\/api.w.org\/{rel}","templated":true}]}}