{"id":24535,"date":"2021-07-09T19:46:28","date_gmt":"2021-07-09T19:46:28","guid":{"rendered":"http:\/\/noticiastelered.com\/PortalDNoticias\/?p=24535"},"modified":"2021-07-09T19:46:28","modified_gmt":"2021-07-09T19:46:28","slug":"culpa-amlo-a-gobierno-anterior-por-mal-actuar-de-la-marina","status":"publish","type":"post","link":"http:\/\/noticiastelered.com\/PortalDNoticias\/culpa-amlo-a-gobierno-anterior-por-mal-actuar-de-la-marina\/","title":{"rendered":"Culpa AMLO a gobierno anterior por mal actuar de la Marina"},"content":{"rendered":"<p>En la conferencia matutina de este jueves, el presidente L\u00f3pez Obrador fue cuestionado sobre la probable implicaci\u00f3n de los 30 marinos en una serie de desapariciones forzadas, a lo que respondi\u00f3:<\/p>\n<p>&#8220;Es un hecho que se presenta en el gobierno anterior (sexenio de Enrique Pe\u00f1a Nieto)&#8230; Es un asunto que se hered\u00f3, y la instrucci\u00f3n es que no se tolera la violaci\u00f3n de derechos humanos, cero impunidad, tr\u00e1tese de quien se trate. Entonces, se est\u00e1 atendiendo esta decisi\u00f3n&#8221;.<\/p>\n<p>El mandatario federal puntualiz\u00f3 que la Fiscal\u00eda General le dio seguimiento a este asunto y obtuvo las \u00f3rdenes de aprehensi\u00f3n, mismas que se lograron con el apoyo de la Secretar\u00eda de Marina.<\/p>\n<p>&#8220;Se detuvieron a 29 en tres d\u00edas y falt\u00f3 uno, que est\u00e1 detenido por otras causas en Morelos, o sea, ya est\u00e1n los 30 detenidos a disposici\u00f3n de los jueces&#8221;, agreg\u00f3.<\/p>\n<p>L\u00f3pez Obrador reiter\u00f3 que no habr\u00e1 &#8220;impunidad&#8221; tras el arresto de los marinos y refiri\u00f3 que la guerra militar contra el narcotr\u00e1fico, iniciada en el gobierno de Felipe Calder\u00f3n (2006-2012), fue &#8220;un absurdo que caus\u00f3 mucho da\u00f1o&#8221;. Pero, asegur\u00f3, en su gobierno hay &#8220;una actitud distinta&#8221; del Ej\u00e9rcito y de la Marina.<\/p>\n<p>&#8220;Y ya hay una actitud completamente distinta a la que hab\u00eda antes, tanto en la Secretar\u00eda de Marina como en la Secretar\u00eda de la Defensa (&#8230;) Entonces, esas cosas ya no suceden ni queremos que sucedan, no vamos a permitirlo&#8221;, expres\u00f3.<\/p>\n<p><!-- Composite Start --><\/p>\n<div id=\"M240110ScriptRootC290005\">\n<div id=\"M240110PreloadC290005\"> Loading&#8230;<\/div>\n<p><script> (function(){ var D=new Date(),d=document,b='body',ce='createElement',ac='appendChild',st='style',ds='display',n='none',gi='getElementById',lp=d.location.protocol,wp=lp.indexOf('http')==0?lp:'https:'; var i=d[ce]('iframe');i[st][ds]=n;d[gi](\"M240110ScriptRootC290005\")[ac](i);try{var iw=i.contentWindow.document;iw.open();iw.writeln(\"<ht\"+\"ml><bo\"+\"dy><\/bo\"+\"dy><\/ht\"+\"ml>\");iw.close();var c=iw[b];} catch(e){var iw=d;var c=d[gi](\"M240110ScriptRootC290005\");}var dv=iw[ce]('div');dv.id=\"MG_ID\";dv[st][ds]=n;dv.innerHTML=290005;c[ac](dv); var s=iw[ce]('script');s.async='async';s.defer='defer';s.charset='utf-8';s.src=wp+\"\/\/jsc.mgid.com\/n\/o\/noticiastelered.com.290005.js?t=\"+D.getYear()+D.getMonth()+D.getUTCDate()+D.getUTCHours();c[ac](s);})(); <\/script><\/p>\n<\/div>\n<p><!-- Composite End --><\/p>\n","protected":false},"excerpt":{"rendered":"<p>En la conferencia matutina de este jueves, el presidente L\u00f3pez Obrador fue cuestionado sobre la probable implicaci\u00f3n de los 30 marinos en una serie de desapariciones forzadas, a lo que respondi\u00f3: &#8220;Es un hecho que se presenta en el gobierno [&hellip;]<\/p>\n","protected":false},"author":3,"featured_media":24537,"comment_status":"open","ping_status":"open","sticky":false,"template":"","format":"standard","meta":[],"categories":[60],"tags":[],"_links":{"self":[{"href":"http:\/\/noticiastelered.com\/PortalDNoticias\/wp-json\/wp\/v2\/posts\/24535"}],"collection":[{"href":"http:\/\/noticiastelered.com\/PortalDNoticias\/wp-json\/wp\/v2\/posts"}],"about":[{"href":"http:\/\/noticiastelered.com\/PortalDNoticias\/wp-json\/wp\/v2\/types\/post"}],"author":[{"embeddable":true,"href":"http:\/\/noticiastelered.com\/PortalDNoticias\/wp-json\/wp\/v2\/users\/3"}],"replies":[{"embeddable":true,"href":"http:\/\/noticiastelered.com\/PortalDNoticias\/wp-json\/wp\/v2\/comments?post=24535"}],"version-history":[{"count":1,"href":"http:\/\/noticiastelered.com\/PortalDNoticias\/wp-json\/wp\/v2\/posts\/24535\/revisions"}],"predecessor-version":[{"id":24538,"href":"http:\/\/noticiastelered.com\/PortalDNoticias\/wp-json\/wp\/v2\/posts\/24535\/revisions\/24538"}],"wp:featuredmedia":[{"embeddable":true,"href":"http:\/\/noticiastelered.com\/PortalDNoticias\/wp-json\/wp\/v2\/media\/24537"}],"wp:attachment":[{"href":"http:\/\/noticiastelered.com\/PortalDNoticias\/wp-json\/wp\/v2\/media?parent=24535"}],"wp:term":[{"taxonomy":"category","embeddable":true,"href":"http:\/\/noticiastelered.com\/PortalDNoticias\/wp-json\/wp\/v2\/categories?post=24535"},{"taxonomy":"post_tag","embeddable":true,"href":"http:\/\/noticiastelered.com\/PortalDNoticias\/wp-json\/wp\/v2\/tags?post=24535"}],"curies":[{"name":"wp","href":"https:\/\/api.w.org\/{rel}","templated":true}]}}