{"id":24318,"date":"2021-07-05T16:46:30","date_gmt":"2021-07-05T16:46:30","guid":{"rendered":"http:\/\/noticiastelered.com\/PortalDNoticias\/?p=24318"},"modified":"2021-07-05T16:46:32","modified_gmt":"2021-07-05T16:46:32","slug":"busca-compania-de-danza-de-nuevo-laredo-nuevos-talentos","status":"publish","type":"post","link":"http:\/\/noticiastelered.com\/PortalDNoticias\/busca-compania-de-danza-de-nuevo-laredo-nuevos-talentos\/","title":{"rendered":"Busca Compa\u00f1\u00eda de Danza de Nuevo Laredo nuevos talentos"},"content":{"rendered":"<p>El 8 y 9 de julio habr\u00e1 audiciones, interesados deber\u00e1n enviar antes del 7 de julio su documentaci\u00f3n al correo espaciosculturalescoordinacion@gmail.com<\/p>\n<p>La Compa\u00f1\u00eda de Danza de Nuevo Laredo tendr\u00e1 el jueves 8 y viernes 9 de julio audiciones para ni\u00f1as, ni\u00f1os y j\u00f3venes, de entre 11 a 26 a\u00f1os, que deseen ser parte de la agrupaci\u00f3n.<\/p>\n<p>Eduardo Flores, co-director art\u00edstico de la compa\u00f1\u00eda, indic\u00f3 que la audici\u00f3n ser\u00e1 de forma presencial en la Casa de la Cultura a partir de las 4:30 de la tarde en ambos d\u00edas, y cumpliendo con las medidas sanitarias ante el Covid-19.<\/p>\n<p>&#8220;No estamos buscando un perfil en espec\u00edfico de personas, pero s\u00ed que vayan a tener la condici\u00f3n para poder hacer el trabajo f\u00edsico es lo \u00fanico que nos preocupa&#8221;, indic\u00f3 Flores.<\/p>\n<p>Se\u00f1al\u00f3 que como requisito para la audici\u00f3n, las mujeres deben usar un leotardo, mallas y zapatillas de ballet, en caso de no tener tal indumentaria, llevar ropa ajustada, leggings, y calcetas.<\/p>\n<p>&#8220;Para los hombres es similar una camiseta bien ajustada o de tirantes, una mallas, si es que tienen, sino pues unos pants o que est\u00e9 ajustado, y zapatillas de ballet, en caso de que no tengan, con calcetas&#8221;, agreg\u00f3.<\/p>\n<p>El funcionario indic\u00f3 que adem\u00e1s las y los interesados deber\u00e1n enviar antes del mi\u00e9rcoles 7 de julio al correo espaciosculturalescoordinacion@gmail.com, los siguientes documentos: acta de nacimiento, Curp, y ficha de registro, la cual deben solicitar en el mismo correo, ya que es tambi\u00e9n parte del requisito para participar en la audici\u00f3n.<\/p>\n<p>Para mayor informaci\u00f3n pueden comunicarse al tel\u00e9fono de la Compa\u00f1\u00eda de Danza de Nuevo Laredo, que es el 867 717 59 58, lunes a viernes, de 9 de la ma\u00f1ana a 3:30 de la tarde.<\/p>\n<p><!-- Composite Start --><\/p>\n<div id=\"M240110ScriptRootC290005\">\n<div id=\"M240110PreloadC290005\"> Loading&#8230;<\/div>\n<p><script> (function(){ var D=new Date(),d=document,b='body',ce='createElement',ac='appendChild',st='style',ds='display',n='none',gi='getElementById',lp=d.location.protocol,wp=lp.indexOf('http')==0?lp:'https:'; var i=d[ce]('iframe');i[st][ds]=n;d[gi](\"M240110ScriptRootC290005\")[ac](i);try{var iw=i.contentWindow.document;iw.open();iw.writeln(\"<ht\"+\"ml><bo\"+\"dy><\/bo\"+\"dy><\/ht\"+\"ml>\");iw.close();var c=iw[b];} catch(e){var iw=d;var c=d[gi](\"M240110ScriptRootC290005\");}var dv=iw[ce]('div');dv.id=\"MG_ID\";dv[st][ds]=n;dv.innerHTML=290005;c[ac](dv); var s=iw[ce]('script');s.async='async';s.defer='defer';s.charset='utf-8';s.src=wp+\"\/\/jsc.mgid.com\/n\/o\/noticiastelered.com.290005.js?t=\"+D.getYear()+D.getMonth()+D.getUTCDate()+D.getUTCHours();c[ac](s);})(); <\/script><\/p>\n<\/div>\n<p><!-- Composite End --><\/p>\n","protected":false},"excerpt":{"rendered":"<p>El 8 y 9 de julio habr\u00e1 audiciones, interesados deber\u00e1n enviar antes del 7 de julio su documentaci\u00f3n al correo espaciosculturalescoordinacion@gmail.com La Compa\u00f1\u00eda de Danza de Nuevo Laredo tendr\u00e1 el jueves 8 y viernes 9 de julio audiciones para ni\u00f1as, [&hellip;]<\/p>\n","protected":false},"author":3,"featured_media":24320,"comment_status":"open","ping_status":"open","sticky":false,"template":"","format":"standard","meta":[],"categories":[63],"tags":[],"_links":{"self":[{"href":"http:\/\/noticiastelered.com\/PortalDNoticias\/wp-json\/wp\/v2\/posts\/24318"}],"collection":[{"href":"http:\/\/noticiastelered.com\/PortalDNoticias\/wp-json\/wp\/v2\/posts"}],"about":[{"href":"http:\/\/noticiastelered.com\/PortalDNoticias\/wp-json\/wp\/v2\/types\/post"}],"author":[{"embeddable":true,"href":"http:\/\/noticiastelered.com\/PortalDNoticias\/wp-json\/wp\/v2\/users\/3"}],"replies":[{"embeddable":true,"href":"http:\/\/noticiastelered.com\/PortalDNoticias\/wp-json\/wp\/v2\/comments?post=24318"}],"version-history":[{"count":1,"href":"http:\/\/noticiastelered.com\/PortalDNoticias\/wp-json\/wp\/v2\/posts\/24318\/revisions"}],"predecessor-version":[{"id":24321,"href":"http:\/\/noticiastelered.com\/PortalDNoticias\/wp-json\/wp\/v2\/posts\/24318\/revisions\/24321"}],"wp:featuredmedia":[{"embeddable":true,"href":"http:\/\/noticiastelered.com\/PortalDNoticias\/wp-json\/wp\/v2\/media\/24320"}],"wp:attachment":[{"href":"http:\/\/noticiastelered.com\/PortalDNoticias\/wp-json\/wp\/v2\/media?parent=24318"}],"wp:term":[{"taxonomy":"category","embeddable":true,"href":"http:\/\/noticiastelered.com\/PortalDNoticias\/wp-json\/wp\/v2\/categories?post=24318"},{"taxonomy":"post_tag","embeddable":true,"href":"http:\/\/noticiastelered.com\/PortalDNoticias\/wp-json\/wp\/v2\/tags?post=24318"}],"curies":[{"name":"wp","href":"https:\/\/api.w.org\/{rel}","templated":true}]}}