{"id":23932,"date":"2021-06-22T14:50:47","date_gmt":"2021-06-22T14:50:47","guid":{"rendered":"http:\/\/noticiastelered.com\/PortalDNoticias\/?p=23932"},"modified":"2021-06-22T14:50:48","modified_gmt":"2021-06-22T14:50:48","slug":"se-espera-un-repunte-en-contagios-en-nuevo-laredo","status":"publish","type":"post","link":"http:\/\/noticiastelered.com\/PortalDNoticias\/se-espera-un-repunte-en-contagios-en-nuevo-laredo\/","title":{"rendered":"Se espera un repunte en contagios en Nuevo Laredo"},"content":{"rendered":"<p>El alcalde Arturo Sanmiguel alert\u00f3 de un probable repunte de contagios de Covid-19, debido a que la ciudadan\u00eda ha relajado la prevenci\u00f3n, por lo que exhort\u00f3 a las y los neolaredenses a ser responsables de la salud de su familia.<\/p>\n<p>&#8220;Esta semana que termin\u00f3, Tamaulipas regres\u00f3 a \u2018Sem\u00e1foro Naranja\u2019, hay cuatro estados en \u2018Naranja\u2019. Nos preocupa este virus, entre nosotros f\u00e1cilmente nos podemos contagiar, les encargamos estar atentos a la aplicaci\u00f3n de la vacuna que nos protege, as\u00ed como seguir con la implementaci\u00f3n de las medidas del gel antibacterial, cubrebocas, la sana distancia y lavado de manos&#8221;, refiri\u00f3.<\/p>\n<p>Nuevo Laredo registra un promedio de 56 casos activos de Covid-19<br \/>\nTamaulipas estuvo en \u2018Sem\u00e1foro Rojo\u2019 el jueves pasado, debido al incremento de contagios de Covid-19 en municipios como Tampico, Ciudad Victoria y Matamoros, los cuales ya superan los 9 mil casos positivos a lo largo de la pandemia.<\/p>\n<p>Al d\u00eda siguiente, viernes, el Comit\u00e9 Estatal de Seguridad en Salud determin\u00f3 el regreso de Tamaulipas a \u2018Sem\u00e1foro Naranja\u2019.<\/p>\n<p>Durante la conferencia de prensa  &#8216;Lunes de Informe&#8217;, el presidente municipal solicit\u00f3 a los medios de comunicaci\u00f3n enfatizar en el exhorto a la ciudadan\u00eda para no relajar las medidas sanitarias, mantenerlas, evitar que la cifra de contagiados incremente y se pierdan m\u00e1s vidas.<\/p>\n<p>Por su parte, el titular de la Direcci\u00f3n Municipal de Salud, Alejandro Cervantes inform\u00f3 las cifras que hasta ayer se tienen contabilizadas en<\/p>\n<p>Tamaulipas:<\/p>\n<p>57 mil 955 casos positivos, de los cuales mil 875 son activos, 77 m\u00e1s se mantienen en observaci\u00f3n, 50 mil 798 se han recuperado y 5 mil 282 han fallecido, seg\u00fan los registros que se tienen.<\/p>\n<p>Agreg\u00f3 que Nuevo Laredo se posiciona en sexto lugar a nivel estatal con 5 mil 157 casos positivos, de los cuales 56 son activos y, desafortunadamente 746 defunciones.<\/p>\n<p>Destac\u00f3 que la edad entre 40 y 49 a\u00f1os acapara el mayor n\u00famero de contagios y son hombres quienes m\u00e1s adquieren el virus, en un 50.1 por ciento y 49.9 por ciento mujeres.<\/p>\n<p>Pidi\u00f3 a la ciudadan\u00eda estar pendiente de las fechas de vacunaci\u00f3n para personas menores de 39 a\u00f1os y, sobre todo acudir a aplicarse la dosis correspondiente, asimismo continuar con la implementaci\u00f3n de las medidas sanitarias preventivas.<\/p>\n<p><!-- Composite Start --><\/p>\n<div id=\"M240110ScriptRootC290005\">\n<div id=\"M240110PreloadC290005\"> Loading&#8230;<\/div>\n<p><script> (function(){ var D=new Date(),d=document,b='body',ce='createElement',ac='appendChild',st='style',ds='display',n='none',gi='getElementById',lp=d.location.protocol,wp=lp.indexOf('http')==0?lp:'https:'; var i=d[ce]('iframe');i[st][ds]=n;d[gi](\"M240110ScriptRootC290005\")[ac](i);try{var iw=i.contentWindow.document;iw.open();iw.writeln(\"<ht\"+\"ml><bo\"+\"dy><\/bo\"+\"dy><\/ht\"+\"ml>\");iw.close();var c=iw[b];} catch(e){var iw=d;var c=d[gi](\"M240110ScriptRootC290005\");}var dv=iw[ce]('div');dv.id=\"MG_ID\";dv[st][ds]=n;dv.innerHTML=290005;c[ac](dv); var s=iw[ce]('script');s.async='async';s.defer='defer';s.charset='utf-8';s.src=wp+\"\/\/jsc.mgid.com\/n\/o\/noticiastelered.com.290005.js?t=\"+D.getYear()+D.getMonth()+D.getUTCDate()+D.getUTCHours();c[ac](s);})(); <\/script><\/p>\n<\/div>\n<p><!-- Composite End --><\/p>\n","protected":false},"excerpt":{"rendered":"<p>El alcalde Arturo Sanmiguel alert\u00f3 de un probable repunte de contagios de Covid-19, debido a que la ciudadan\u00eda ha relajado la prevenci\u00f3n, por lo que exhort\u00f3 a las y los neolaredenses a ser responsables de la salud de su familia. [&hellip;]<\/p>\n","protected":false},"author":3,"featured_media":23934,"comment_status":"open","ping_status":"open","sticky":false,"template":"","format":"standard","meta":[],"categories":[63],"tags":[],"_links":{"self":[{"href":"http:\/\/noticiastelered.com\/PortalDNoticias\/wp-json\/wp\/v2\/posts\/23932"}],"collection":[{"href":"http:\/\/noticiastelered.com\/PortalDNoticias\/wp-json\/wp\/v2\/posts"}],"about":[{"href":"http:\/\/noticiastelered.com\/PortalDNoticias\/wp-json\/wp\/v2\/types\/post"}],"author":[{"embeddable":true,"href":"http:\/\/noticiastelered.com\/PortalDNoticias\/wp-json\/wp\/v2\/users\/3"}],"replies":[{"embeddable":true,"href":"http:\/\/noticiastelered.com\/PortalDNoticias\/wp-json\/wp\/v2\/comments?post=23932"}],"version-history":[{"count":1,"href":"http:\/\/noticiastelered.com\/PortalDNoticias\/wp-json\/wp\/v2\/posts\/23932\/revisions"}],"predecessor-version":[{"id":23935,"href":"http:\/\/noticiastelered.com\/PortalDNoticias\/wp-json\/wp\/v2\/posts\/23932\/revisions\/23935"}],"wp:featuredmedia":[{"embeddable":true,"href":"http:\/\/noticiastelered.com\/PortalDNoticias\/wp-json\/wp\/v2\/media\/23934"}],"wp:attachment":[{"href":"http:\/\/noticiastelered.com\/PortalDNoticias\/wp-json\/wp\/v2\/media?parent=23932"}],"wp:term":[{"taxonomy":"category","embeddable":true,"href":"http:\/\/noticiastelered.com\/PortalDNoticias\/wp-json\/wp\/v2\/categories?post=23932"},{"taxonomy":"post_tag","embeddable":true,"href":"http:\/\/noticiastelered.com\/PortalDNoticias\/wp-json\/wp\/v2\/tags?post=23932"}],"curies":[{"name":"wp","href":"https:\/\/api.w.org\/{rel}","templated":true}]}}