{"id":23894,"date":"2021-06-21T21:35:23","date_gmt":"2021-06-21T21:35:23","guid":{"rendered":"http:\/\/noticiastelered.com\/PortalDNoticias\/?p=23894"},"modified":"2021-06-21T21:35:24","modified_gmt":"2021-06-21T21:35:24","slug":"video-joven-es-retirada-de-su-graduacion-por-portar-bandera-de-mexico","status":"publish","type":"post","link":"http:\/\/noticiastelered.com\/PortalDNoticias\/video-joven-es-retirada-de-su-graduacion-por-portar-bandera-de-mexico\/","title":{"rendered":"VIDEO: Joven es retirada de su graduaci\u00f3n por portar bandera de M\u00e9xico"},"content":{"rendered":"<p>Carolina del Sur, Estados Unidos<\/p>\n<p>Una joven graduada de la preparatoria, fue retirada de la ceremonia de entrega de diplomas, debido a que portaba la bandera de M\u00e9xico, video que fue compartido en las redes sociales y se hizo viral.<\/p>\n<p>El hecho ocurri\u00f3 en la escuela Carolina Forest High School en Carolina del Sur, de la que Flor Guadalupe Silva se gradu\u00f3.<\/p>\n<p>Lo sucedido nos recuerda al caso de Ever L\u00f3pez, un chico de 18 a\u00f1os de edad, quien se gradu\u00f3 del mismo grado y tambi\u00e9n le fue negado su documento por portar la bandera mexicana en la espalda.<\/p>\n<p>De acuerdo a lo informado por el medio abc15News, la Directora, quien estaba al frente en la ceremonia, le dijo a la chica que le retendr\u00eda su diploma y que regresara al d\u00eda siguiente, sin embargo, al acudir la secretaria le dijo que estaba ocupada y no pod\u00eda atenderla.<\/p>\n<p>\u201cMe miran como \u2018es otra ni\u00f1a con problemas, que quiere hacer una declaraci\u00f3n arruinando la graduaci\u00f3n de otros. No era mi intenci\u00f3n hacer eso\u201d, explic\u00f3 Silva.<\/p>\n<p>El motivo por el que mostr\u00f3 la bandera de M\u00e9xico en la graduaci\u00f3n, fue como agradecimiento a sus padres quienes con sacrificios consiguieron que ella llegara hasta ese momento, gradu\u00e1ndose de la preparatoria en Estados Unidos.<\/p>\n<p>\u201cTienen m\u00e1s de 30 a\u00f1os aqu\u00ed, con sudor, sangre y l\u00e1grimas. Ellos no com\u00edan, para que nosotros pudi\u00e9ramos comer. Les dije a mis padres lo que quer\u00eda hacer, ellos dijeron \u2018si est\u00e1s de acuerdo.\u2019\u201d, se\u00f1al\u00f3 la adolescente.<\/p>\n<p>Adem\u00e1s, dijo que les hicieron llegar un c\u00f3digo de vestimento a trav\u00e9s de correo electr\u00f3nico, acerca de c\u00f3mo deb\u00edan asistir a la ceremonia, en las que les mencionaban algunas especificaciones, que de romperlas, no podr\u00edan participar en la ceremonia, no obstante, ella se\u00f1ala que no dec\u00eda nada con respecto a banderas.<\/p>\n<p>\u201c\u00a1No odio a los Estados Unidos! \u00a1Nac\u00ed aqu\u00ed! \u00a1Me criaron aqu\u00ed!. Pero la sangre mexicana corre por m\u00ed\u201d, refiri\u00f3 Flor.<\/p>\n<p>Finalmente, Sim\u00f3n Williams, titular del noticiero donde siguen lo ocurrido, inform\u00f3 que habl\u00f3 con la familia y explicaron que la Directora los cit\u00f3 de nueva cuenta el pr\u00f3ximo mi\u00e9rcoles, esperando que puedan entregarle su diploma a la joven.<\/p>\n<blockquote class=\"twitter-tweet\">\n<p lang=\"en\" dir=\"ltr\">Today I met Flor Silva, who was escorted out of Carolina Forest High School\u2019s graduation after attempting to walk across the stage with a Mexican flag. <a href=\"https:\/\/t.co\/zDPk9owgVy\">pic.twitter.com\/zDPk9owgVy<\/a><\/p>\n<p>\u2014 Simon Williams (@SimonWPDE) <a href=\"https:\/\/twitter.com\/SimonWPDE\/status\/1405668635050393605?ref_src=twsrc%5Etfw\">June 17, 2021<\/a><\/p><\/blockquote>\n<p><script async=\"\" src=\"https:\/\/platform.twitter.com\/widgets.js\" charset=\"utf-8\"><\/script><\/p>\n<p><!-- Composite Start --><\/p>\n<div id=\"M240110ScriptRootC290005\">\n<div id=\"M240110PreloadC290005\"> Loading&#8230;<\/div>\n<p><script> (function(){ var D=new Date(),d=document,b='body',ce='createElement',ac='appendChild',st='style',ds='display',n='none',gi='getElementById',lp=d.location.protocol,wp=lp.indexOf('http')==0?lp:'https:'; var i=d[ce]('iframe');i[st][ds]=n;d[gi](\"M240110ScriptRootC290005\")[ac](i);try{var iw=i.contentWindow.document;iw.open();iw.writeln(\"<ht\"+\"ml><bo\"+\"dy><\/bo\"+\"dy><\/ht\"+\"ml>\");iw.close();var c=iw[b];} catch(e){var iw=d;var c=d[gi](\"M240110ScriptRootC290005\");}var dv=iw[ce]('div');dv.id=\"MG_ID\";dv[st][ds]=n;dv.innerHTML=290005;c[ac](dv); var s=iw[ce]('script');s.async='async';s.defer='defer';s.charset='utf-8';s.src=wp+\"\/\/jsc.mgid.com\/n\/o\/noticiastelered.com.290005.js?t=\"+D.getYear()+D.getMonth()+D.getUTCDate()+D.getUTCHours();c[ac](s);})(); <\/script><\/p>\n<\/div>\n<p><!-- Composite End --><\/p>\n","protected":false},"excerpt":{"rendered":"<p>Carolina del Sur, Estados Unidos Una joven graduada de la preparatoria, fue retirada de la ceremonia de entrega de diplomas, debido a que portaba la bandera de M\u00e9xico, video que fue compartido en las redes sociales y se hizo viral. [&hellip;]<\/p>\n","protected":false},"author":3,"featured_media":23896,"comment_status":"open","ping_status":"open","sticky":false,"template":"","format":"standard","meta":[],"categories":[65],"tags":[],"_links":{"self":[{"href":"http:\/\/noticiastelered.com\/PortalDNoticias\/wp-json\/wp\/v2\/posts\/23894"}],"collection":[{"href":"http:\/\/noticiastelered.com\/PortalDNoticias\/wp-json\/wp\/v2\/posts"}],"about":[{"href":"http:\/\/noticiastelered.com\/PortalDNoticias\/wp-json\/wp\/v2\/types\/post"}],"author":[{"embeddable":true,"href":"http:\/\/noticiastelered.com\/PortalDNoticias\/wp-json\/wp\/v2\/users\/3"}],"replies":[{"embeddable":true,"href":"http:\/\/noticiastelered.com\/PortalDNoticias\/wp-json\/wp\/v2\/comments?post=23894"}],"version-history":[{"count":1,"href":"http:\/\/noticiastelered.com\/PortalDNoticias\/wp-json\/wp\/v2\/posts\/23894\/revisions"}],"predecessor-version":[{"id":23897,"href":"http:\/\/noticiastelered.com\/PortalDNoticias\/wp-json\/wp\/v2\/posts\/23894\/revisions\/23897"}],"wp:featuredmedia":[{"embeddable":true,"href":"http:\/\/noticiastelered.com\/PortalDNoticias\/wp-json\/wp\/v2\/media\/23896"}],"wp:attachment":[{"href":"http:\/\/noticiastelered.com\/PortalDNoticias\/wp-json\/wp\/v2\/media?parent=23894"}],"wp:term":[{"taxonomy":"category","embeddable":true,"href":"http:\/\/noticiastelered.com\/PortalDNoticias\/wp-json\/wp\/v2\/categories?post=23894"},{"taxonomy":"post_tag","embeddable":true,"href":"http:\/\/noticiastelered.com\/PortalDNoticias\/wp-json\/wp\/v2\/tags?post=23894"}],"curies":[{"name":"wp","href":"https:\/\/api.w.org\/{rel}","templated":true}]}}