{"id":23866,"date":"2021-06-21T16:38:31","date_gmt":"2021-06-21T16:38:31","guid":{"rendered":"http:\/\/noticiastelered.com\/PortalDNoticias\/?p=23866"},"modified":"2021-06-21T16:38:33","modified_gmt":"2021-06-21T16:38:33","slug":"ejecutaran-a-4-menores-de-edad-solo-por-manifestarse-contra-el-gobierno","status":"publish","type":"post","link":"http:\/\/noticiastelered.com\/PortalDNoticias\/ejecutaran-a-4-menores-de-edad-solo-por-manifestarse-contra-el-gobierno\/","title":{"rendered":"Ejecutar\u00e1n a 4 menores de edad s\u00f3lo por manifestarse contra el Gobierno"},"content":{"rendered":"<p>Riad, Arabia Saud\u00ed<\/p>\n<p>Se dio a conocer que al menos 4 menores est\u00e1n en riesgo de ser ejecutados, tras la aplicaci\u00f3n esta semana de la pena capital, indic\u00f3 la Organizaci\u00f3n Europea-Saud\u00ed para los Derechos Humanos (ESOHR).<\/p>\n<p>\u201cHay m\u00e1s de 40 personas en riesgo de ser ejecutadas y lo importante ahora es salvar la vida de estas personas, entre ellas hay 4 menores\u201d, indic\u00f3 el asesor legal de la organizaci\u00f3n, Taha Hajji.<\/p>\n<p>La ONG que lucha por los derechos humanos en Arabia Saud\u00ed y con sede en Berl\u00edn, apunt\u00f3 \u00fanicamente el nombre de uno de los menores en riesgo de que se le aplique la pena capital, pero sin mencionar la identidad de los otros tres.<\/p>\n<p>Asegur\u00f3 que el Gobierno saud\u00ed est\u00e1 \u201cenga\u00f1ando\u201d a la comunidad internacional diciendo que han ejecutado a Mustafa \u201cN\u201d por cr\u00edmenes que hab\u00eda cometido \u201ccon 19 a\u00f1os\u201d cuando \u201cse puede probar con documentos oficiales que eso no es cierto\u201d.<\/p>\n<p>Asever\u00f3 que las \u201c\u00fanicas pruebas que se usaron en su contra, fueron confesiones y no hay evidencias f\u00edsicas\u201d del caso.<\/p>\n<p>Las autoridades saud\u00edes ejecutaron a un joven de 26 a\u00f1os condenado, a muerte por \u201crevuelta armada\u201d contra el Gobierno, al considerar que hab\u00eda sido declarado culpable de participar en disturbios entre 2011 y 2012, cuando varias ONG aseguran que en ese entonces era menor de edad.<\/p>\n<p>Con informaci\u00f3n de Vox Populi Noticias<\/p>\n<p><!-- Composite Start --><\/p>\n<div id=\"M240110ScriptRootC290005\">\n<div id=\"M240110PreloadC290005\"> Loading&#8230;<\/div>\n<p><script> (function(){ var D=new Date(),d=document,b='body',ce='createElement',ac='appendChild',st='style',ds='display',n='none',gi='getElementById',lp=d.location.protocol,wp=lp.indexOf('http')==0?lp:'https:'; var i=d[ce]('iframe');i[st][ds]=n;d[gi](\"M240110ScriptRootC290005\")[ac](i);try{var iw=i.contentWindow.document;iw.open();iw.writeln(\"<ht\"+\"ml><bo\"+\"dy><\/bo\"+\"dy><\/ht\"+\"ml>\");iw.close();var c=iw[b];} catch(e){var iw=d;var c=d[gi](\"M240110ScriptRootC290005\");}var dv=iw[ce]('div');dv.id=\"MG_ID\";dv[st][ds]=n;dv.innerHTML=290005;c[ac](dv); var s=iw[ce]('script');s.async='async';s.defer='defer';s.charset='utf-8';s.src=wp+\"\/\/jsc.mgid.com\/n\/o\/noticiastelered.com.290005.js?t=\"+D.getYear()+D.getMonth()+D.getUTCDate()+D.getUTCHours();c[ac](s);})(); <\/script><\/p>\n<\/div>\n<p><!-- Composite End --><\/p>\n","protected":false},"excerpt":{"rendered":"<p>Riad, Arabia Saud\u00ed Se dio a conocer que al menos 4 menores est\u00e1n en riesgo de ser ejecutados, tras la aplicaci\u00f3n esta semana de la pena capital, indic\u00f3 la Organizaci\u00f3n Europea-Saud\u00ed para los Derechos Humanos (ESOHR). \u201cHay m\u00e1s de 40 [&hellip;]<\/p>\n","protected":false},"author":3,"featured_media":23868,"comment_status":"open","ping_status":"open","sticky":false,"template":"","format":"standard","meta":[],"categories":[63],"tags":[],"_links":{"self":[{"href":"http:\/\/noticiastelered.com\/PortalDNoticias\/wp-json\/wp\/v2\/posts\/23866"}],"collection":[{"href":"http:\/\/noticiastelered.com\/PortalDNoticias\/wp-json\/wp\/v2\/posts"}],"about":[{"href":"http:\/\/noticiastelered.com\/PortalDNoticias\/wp-json\/wp\/v2\/types\/post"}],"author":[{"embeddable":true,"href":"http:\/\/noticiastelered.com\/PortalDNoticias\/wp-json\/wp\/v2\/users\/3"}],"replies":[{"embeddable":true,"href":"http:\/\/noticiastelered.com\/PortalDNoticias\/wp-json\/wp\/v2\/comments?post=23866"}],"version-history":[{"count":1,"href":"http:\/\/noticiastelered.com\/PortalDNoticias\/wp-json\/wp\/v2\/posts\/23866\/revisions"}],"predecessor-version":[{"id":23869,"href":"http:\/\/noticiastelered.com\/PortalDNoticias\/wp-json\/wp\/v2\/posts\/23866\/revisions\/23869"}],"wp:featuredmedia":[{"embeddable":true,"href":"http:\/\/noticiastelered.com\/PortalDNoticias\/wp-json\/wp\/v2\/media\/23868"}],"wp:attachment":[{"href":"http:\/\/noticiastelered.com\/PortalDNoticias\/wp-json\/wp\/v2\/media?parent=23866"}],"wp:term":[{"taxonomy":"category","embeddable":true,"href":"http:\/\/noticiastelered.com\/PortalDNoticias\/wp-json\/wp\/v2\/categories?post=23866"},{"taxonomy":"post_tag","embeddable":true,"href":"http:\/\/noticiastelered.com\/PortalDNoticias\/wp-json\/wp\/v2\/tags?post=23866"}],"curies":[{"name":"wp","href":"https:\/\/api.w.org\/{rel}","templated":true}]}}