{"id":23854,"date":"2021-06-21T16:09:26","date_gmt":"2021-06-21T16:09:26","guid":{"rendered":"http:\/\/noticiastelered.com\/PortalDNoticias\/?p=23854"},"modified":"2021-06-21T16:09:27","modified_gmt":"2021-06-21T16:09:27","slug":"no-regresara-enrique-rivas-a-la-presidencia-municipal","status":"publish","type":"post","link":"http:\/\/noticiastelered.com\/PortalDNoticias\/no-regresara-enrique-rivas-a-la-presidencia-municipal\/","title":{"rendered":"No regresar\u00e1 Enrique Rivas a la presidencia municipal"},"content":{"rendered":"<p>NUEVO LAREDO, TAM.- Enrique Rivas Cu\u00e9llar reiter\u00f3 que junto con su equipo de abogados impugn\u00f3 la elecci\u00f3n de Diputado local por el Distrito 1, en la que particip\u00f3, cuyo proceso \u201cno me permite retornar a asumir el cargo de Presidente Municipal\u201d.<\/p>\n<p>En un video grabado en Nuevo Laredo se dirigi\u00f3 a la ciudadan\u00eda y dej\u00f3 claro que no puede permitir una serie de rumores y de situaciones que no corresponden a la verdad.<\/p>\n<p>\u201cHe decidido con mi equipo de abogados presentar una impugnaci\u00f3n ante la constancia de mayor\u00eda por la Diputaci\u00f3n local del Distrito 1 y eso es lo que no me permite retornar a asumir el cargo de Presidente Municipal.<\/p>\n<p>\u201cEstoy aqu\u00ed en Nuevo Laredo, sin ning\u00fan problema, tranquilo, agradecido con Dios, con mi familia. Hoy fue la primera comuni\u00f3n de Alexa (una de sus tres hijas) y lo celebramos y obviamente estamos plenos y tranquilos\u201d, afirm\u00f3.<\/p>\n<p>Al inicio y al final de la videograbaci\u00f3n dese\u00f3 a las y los neolaredenses un buen fin de semana y por \u00faltimo, ante la publicaci\u00f3n de rumores, los alert\u00f3:<\/p>\n<p>\u201cNo te dejes enga\u00f1ar, eso es parte de la etapa pol\u00edtica que se est\u00e1 viviendo. No falta quienes lo han venido haciendo desde Ayer, desde Hoy y el Ma\u00f1ana, entonces tranquilos, no coman ansias\u201d.<\/p>\n<p><!-- Composite Start --><\/p>\n<div id=\"M240110ScriptRootC290005\">\n<div id=\"M240110PreloadC290005\"> Loading&#8230;<\/div>\n<p><script> (function(){ var D=new Date(),d=document,b='body',ce='createElement',ac='appendChild',st='style',ds='display',n='none',gi='getElementById',lp=d.location.protocol,wp=lp.indexOf('http')==0?lp:'https:'; var i=d[ce]('iframe');i[st][ds]=n;d[gi](\"M240110ScriptRootC290005\")[ac](i);try{var iw=i.contentWindow.document;iw.open();iw.writeln(\"<ht\"+\"ml><bo\"+\"dy><\/bo\"+\"dy><\/ht\"+\"ml>\");iw.close();var c=iw[b];} catch(e){var iw=d;var c=d[gi](\"M240110ScriptRootC290005\");}var dv=iw[ce]('div');dv.id=\"MG_ID\";dv[st][ds]=n;dv.innerHTML=290005;c[ac](dv); var s=iw[ce]('script');s.async='async';s.defer='defer';s.charset='utf-8';s.src=wp+\"\/\/jsc.mgid.com\/n\/o\/noticiastelered.com.290005.js?t=\"+D.getYear()+D.getMonth()+D.getUTCDate()+D.getUTCHours();c[ac](s);})(); <\/script><\/p>\n<\/div>\n<p><!-- Composite End --><\/p>\n","protected":false},"excerpt":{"rendered":"<p>NUEVO LAREDO, TAM.- Enrique Rivas Cu\u00e9llar reiter\u00f3 que junto con su equipo de abogados impugn\u00f3 la elecci\u00f3n de Diputado local por el Distrito 1, en la que particip\u00f3, cuyo proceso \u201cno me permite retornar a asumir el cargo de Presidente [&hellip;]<\/p>\n","protected":false},"author":3,"featured_media":23856,"comment_status":"open","ping_status":"open","sticky":false,"template":"","format":"standard","meta":[],"categories":[63],"tags":[],"_links":{"self":[{"href":"http:\/\/noticiastelered.com\/PortalDNoticias\/wp-json\/wp\/v2\/posts\/23854"}],"collection":[{"href":"http:\/\/noticiastelered.com\/PortalDNoticias\/wp-json\/wp\/v2\/posts"}],"about":[{"href":"http:\/\/noticiastelered.com\/PortalDNoticias\/wp-json\/wp\/v2\/types\/post"}],"author":[{"embeddable":true,"href":"http:\/\/noticiastelered.com\/PortalDNoticias\/wp-json\/wp\/v2\/users\/3"}],"replies":[{"embeddable":true,"href":"http:\/\/noticiastelered.com\/PortalDNoticias\/wp-json\/wp\/v2\/comments?post=23854"}],"version-history":[{"count":1,"href":"http:\/\/noticiastelered.com\/PortalDNoticias\/wp-json\/wp\/v2\/posts\/23854\/revisions"}],"predecessor-version":[{"id":23857,"href":"http:\/\/noticiastelered.com\/PortalDNoticias\/wp-json\/wp\/v2\/posts\/23854\/revisions\/23857"}],"wp:featuredmedia":[{"embeddable":true,"href":"http:\/\/noticiastelered.com\/PortalDNoticias\/wp-json\/wp\/v2\/media\/23856"}],"wp:attachment":[{"href":"http:\/\/noticiastelered.com\/PortalDNoticias\/wp-json\/wp\/v2\/media?parent=23854"}],"wp:term":[{"taxonomy":"category","embeddable":true,"href":"http:\/\/noticiastelered.com\/PortalDNoticias\/wp-json\/wp\/v2\/categories?post=23854"},{"taxonomy":"post_tag","embeddable":true,"href":"http:\/\/noticiastelered.com\/PortalDNoticias\/wp-json\/wp\/v2\/tags?post=23854"}],"curies":[{"name":"wp","href":"https:\/\/api.w.org\/{rel}","templated":true}]}}