{"id":23835,"date":"2021-06-21T15:29:51","date_gmt":"2021-06-21T15:29:51","guid":{"rendered":"http:\/\/noticiastelered.com\/PortalDNoticias\/?p=23835"},"modified":"2021-06-21T15:29:53","modified_gmt":"2021-06-21T15:29:53","slug":"hace-historia-primera-generacion-de-prepa-municipal","status":"publish","type":"post","link":"http:\/\/noticiastelered.com\/PortalDNoticias\/hace-historia-primera-generacion-de-prepa-municipal\/","title":{"rendered":"Hace historia primera generaci\u00f3n de Prepa Municipal"},"content":{"rendered":"<p>En emotiva ceremonia, el alcalde Arturo Sanmiguel entrega las constancias de culminaci\u00f3n de estudios a las y los graduados<\/p>\n<p>En una emotiva ceremonia, m\u00e1s de 200 alumnos y alumnas de la primera Generaci\u00f3n 2018-2021 de la Preparatoria T\u00e9cnica Municipal \u2018Manuel G\u00f3mez Mor\u00edn\u2019, recibieron su constancia que acredita la culminaci\u00f3n de sus estudios.<\/p>\n<p>El Teatro de la Ciudad \u2018Adolfo L\u00f3pez Mateos\u2019, fue el escenario donde desfilaron estos j\u00f3venes que hicieron historia como la primera generaci\u00f3n de egresados del plantel construido por el gobierno municipal.<\/p>\n<p>El presidente municipal Arturo Sanmiguel Cant\u00fa acudi\u00f3 a esta ceremonia para entregar las constancias a las y los graduados, a quienes felicit\u00f3, as\u00ed como a sus maestros y padres de familia.<\/p>\n<p>\u201cEs de enorme satisfacci\u00f3n encabezar esta ceremonia de graduaci\u00f3n donde la Escuela Preparatoria T\u00e9cnica \u2018Manuel G\u00f3mez Mor\u00edn\u2019 entrega a la sociedad neolaredense, la primera generaci\u00f3n de preparatorianos,  listos para dar un paso m\u00e1s a la faceta universitaria.<\/p>\n<p>Ahora llevan las herramientas necesarias para enfrentar los desaf\u00edos que se les presenten en estos tiempos modernos; estamos seguros llevan los consejos y ense\u00f1anzas de sus maestros\u201d, destac\u00f3 Sanmiguel Cant\u00fa.<\/p>\n<p>Agreg\u00f3 que es de enorme satisfacci\u00f3n que el gobierno municipal haya brindado los espacios y recursos para que estos j\u00f3venes pudieran estudiar la preparatoria.<\/p>\n<p>Los graduados son j\u00f3venes y jovencitas estudiantes de las especialidades de Fuentes Alternas de Energ\u00eda, Mecatr\u00f3nica, Programaci\u00f3n y Construcci\u00f3n.<\/p>\n<p>En la ceremonia estuvieron Miguel J\u00e1uregui Salazar, secretario de Educaci\u00f3n, Cultura y Deporte; Antonio Arredondo \u00c1lvarez, director de Educaci\u00f3n Media Superior.<\/p>\n<p>Tambi\u00e9n Carlos Silva God\u00ednez, director de la Preparatoria T\u00e9cnica Municipal \u2018Manuel G\u00f3mez Mor\u00edn\u2019;  Mar\u00eda Nidia Benavides Casso, directora de la Preparatoria Municipal \u2018Gregorio Chapa Salda\u00f1a\u2019; y Anil\u00fa Estrada Gonz\u00e1lez, directora de la Preparatoria Municipal de Nuevo Laredo \u2018Jos\u00e9 Vasconcelos\u2019.<\/p>\n<p><!-- Composite Start --><\/p>\n<div id=\"M240110ScriptRootC290005\">\n<div id=\"M240110PreloadC290005\"> Loading&#8230;<\/div>\n<p><script> (function(){ var D=new Date(),d=document,b='body',ce='createElement',ac='appendChild',st='style',ds='display',n='none',gi='getElementById',lp=d.location.protocol,wp=lp.indexOf('http')==0?lp:'https:'; var i=d[ce]('iframe');i[st][ds]=n;d[gi](\"M240110ScriptRootC290005\")[ac](i);try{var iw=i.contentWindow.document;iw.open();iw.writeln(\"<ht\"+\"ml><bo\"+\"dy><\/bo\"+\"dy><\/ht\"+\"ml>\");iw.close();var c=iw[b];} catch(e){var iw=d;var c=d[gi](\"M240110ScriptRootC290005\");}var dv=iw[ce]('div');dv.id=\"MG_ID\";dv[st][ds]=n;dv.innerHTML=290005;c[ac](dv); var s=iw[ce]('script');s.async='async';s.defer='defer';s.charset='utf-8';s.src=wp+\"\/\/jsc.mgid.com\/n\/o\/noticiastelered.com.290005.js?t=\"+D.getYear()+D.getMonth()+D.getUTCDate()+D.getUTCHours();c[ac](s);})(); <\/script><\/p>\n<\/div>\n<p><!-- Composite End --><\/p>\n","protected":false},"excerpt":{"rendered":"<p>En emotiva ceremonia, el alcalde Arturo Sanmiguel entrega las constancias de culminaci\u00f3n de estudios a las y los graduados En una emotiva ceremonia, m\u00e1s de 200 alumnos y alumnas de la primera Generaci\u00f3n 2018-2021 de la Preparatoria T\u00e9cnica Municipal \u2018Manuel [&hellip;]<\/p>\n","protected":false},"author":3,"featured_media":23838,"comment_status":"open","ping_status":"open","sticky":false,"template":"","format":"standard","meta":[],"categories":[63],"tags":[],"_links":{"self":[{"href":"http:\/\/noticiastelered.com\/PortalDNoticias\/wp-json\/wp\/v2\/posts\/23835"}],"collection":[{"href":"http:\/\/noticiastelered.com\/PortalDNoticias\/wp-json\/wp\/v2\/posts"}],"about":[{"href":"http:\/\/noticiastelered.com\/PortalDNoticias\/wp-json\/wp\/v2\/types\/post"}],"author":[{"embeddable":true,"href":"http:\/\/noticiastelered.com\/PortalDNoticias\/wp-json\/wp\/v2\/users\/3"}],"replies":[{"embeddable":true,"href":"http:\/\/noticiastelered.com\/PortalDNoticias\/wp-json\/wp\/v2\/comments?post=23835"}],"version-history":[{"count":1,"href":"http:\/\/noticiastelered.com\/PortalDNoticias\/wp-json\/wp\/v2\/posts\/23835\/revisions"}],"predecessor-version":[{"id":23839,"href":"http:\/\/noticiastelered.com\/PortalDNoticias\/wp-json\/wp\/v2\/posts\/23835\/revisions\/23839"}],"wp:featuredmedia":[{"embeddable":true,"href":"http:\/\/noticiastelered.com\/PortalDNoticias\/wp-json\/wp\/v2\/media\/23838"}],"wp:attachment":[{"href":"http:\/\/noticiastelered.com\/PortalDNoticias\/wp-json\/wp\/v2\/media?parent=23835"}],"wp:term":[{"taxonomy":"category","embeddable":true,"href":"http:\/\/noticiastelered.com\/PortalDNoticias\/wp-json\/wp\/v2\/categories?post=23835"},{"taxonomy":"post_tag","embeddable":true,"href":"http:\/\/noticiastelered.com\/PortalDNoticias\/wp-json\/wp\/v2\/tags?post=23835"}],"curies":[{"name":"wp","href":"https:\/\/api.w.org\/{rel}","templated":true}]}}