{"id":23831,"date":"2021-06-21T15:28:08","date_gmt":"2021-06-21T15:28:08","guid":{"rendered":"http:\/\/noticiastelered.com\/PortalDNoticias\/?p=23831"},"modified":"2021-06-21T15:28:10","modified_gmt":"2021-06-21T15:28:10","slug":"continua-pavimentacion-en-colonia-francisco-villa","status":"publish","type":"post","link":"http:\/\/noticiastelered.com\/PortalDNoticias\/continua-pavimentacion-en-colonia-francisco-villa\/","title":{"rendered":"Contin\u00faa pavimentaci\u00f3n en colonia Francisco Villa"},"content":{"rendered":"<p>La vialidad Jos\u00e9 I. Robles ser\u00e1 de concreto hidr\u00e1ulico, entre la calle Pared\u00f3n  y Adelitas, y podr\u00eda quedar terminada a finales de julio<\/p>\n<p>La pavimentaci\u00f3n que realiza el gobierno municipal en la calle Jos\u00e9 I. Robles, en la colonia Francisco Villa, presenta un 60 por ciento de avance en los trabajos de construcci\u00f3n.<\/p>\n<p>Esta obra se realiza con concreto hidr\u00e1ulico entre la calle Pared\u00f3n  y Adelitas, con una superficie de mil 350.64 metros cuadrados de pavimentaci\u00f3n.<\/p>\n<p>El secretario de Obras P\u00fablicas, Jaime Ruiz Rend\u00f3n, inform\u00f3 que el monto de contrataci\u00f3n de esta construcci\u00f3n vial es de dos millones 443 mil 397 pesos, la cual ser\u00e1 en beneficio de 320 familias de este sector.<\/p>\n<p>Explic\u00f3 que por el momento se trabaja en el cimbrado para guarniciones, colado de las mismas y compactaci\u00f3n en respaldo y terracer\u00edas para banquetas.<\/p>\n<p>Como ya lleva el 60 por ciento de avance, se estima que la obra concluya a finales de julio.<\/p>\n<p>Jaime Ruiz destac\u00f3 que uno de los compromisos de esta administraci\u00f3n municipal fue enfocar el Plan de Obra P\u00fablica en materia de pavimentaci\u00f3n, agua y drenaje para mejorar la calidad de  vida de las y los neolaredenses.<\/p>\n<p>NUMERALIA<\/p>\n<p>DE CALIDAD<\/p>\n<p>Mil 350.64 metros cuadrados de pavimentaci\u00f3n.<\/p>\n<p>60 por ciento de avance.<\/p>\n<p>320 familias beneficiadas.<\/p>\n<p><!-- Composite Start --><\/p>\n<div id=\"M240110ScriptRootC290005\">\n<div id=\"M240110PreloadC290005\"> Loading&#8230;<\/div>\n<p><script> (function(){ var D=new Date(),d=document,b='body',ce='createElement',ac='appendChild',st='style',ds='display',n='none',gi='getElementById',lp=d.location.protocol,wp=lp.indexOf('http')==0?lp:'https:'; var i=d[ce]('iframe');i[st][ds]=n;d[gi](\"M240110ScriptRootC290005\")[ac](i);try{var iw=i.contentWindow.document;iw.open();iw.writeln(\"<ht\"+\"ml><bo\"+\"dy><\/bo\"+\"dy><\/ht\"+\"ml>\");iw.close();var c=iw[b];} catch(e){var iw=d;var c=d[gi](\"M240110ScriptRootC290005\");}var dv=iw[ce]('div');dv.id=\"MG_ID\";dv[st][ds]=n;dv.innerHTML=290005;c[ac](dv); var s=iw[ce]('script');s.async='async';s.defer='defer';s.charset='utf-8';s.src=wp+\"\/\/jsc.mgid.com\/n\/o\/noticiastelered.com.290005.js?t=\"+D.getYear()+D.getMonth()+D.getUTCDate()+D.getUTCHours();c[ac](s);})(); <\/script><\/p>\n<\/div>\n<p><!-- Composite End --><\/p>\n","protected":false},"excerpt":{"rendered":"<p>La vialidad Jos\u00e9 I. Robles ser\u00e1 de concreto hidr\u00e1ulico, entre la calle Pared\u00f3n y Adelitas, y podr\u00eda quedar terminada a finales de julio La pavimentaci\u00f3n que realiza el gobierno municipal en la calle Jos\u00e9 I. Robles, en la colonia Francisco [&hellip;]<\/p>\n","protected":false},"author":3,"featured_media":23833,"comment_status":"open","ping_status":"open","sticky":false,"template":"","format":"standard","meta":[],"categories":[63],"tags":[],"_links":{"self":[{"href":"http:\/\/noticiastelered.com\/PortalDNoticias\/wp-json\/wp\/v2\/posts\/23831"}],"collection":[{"href":"http:\/\/noticiastelered.com\/PortalDNoticias\/wp-json\/wp\/v2\/posts"}],"about":[{"href":"http:\/\/noticiastelered.com\/PortalDNoticias\/wp-json\/wp\/v2\/types\/post"}],"author":[{"embeddable":true,"href":"http:\/\/noticiastelered.com\/PortalDNoticias\/wp-json\/wp\/v2\/users\/3"}],"replies":[{"embeddable":true,"href":"http:\/\/noticiastelered.com\/PortalDNoticias\/wp-json\/wp\/v2\/comments?post=23831"}],"version-history":[{"count":1,"href":"http:\/\/noticiastelered.com\/PortalDNoticias\/wp-json\/wp\/v2\/posts\/23831\/revisions"}],"predecessor-version":[{"id":23834,"href":"http:\/\/noticiastelered.com\/PortalDNoticias\/wp-json\/wp\/v2\/posts\/23831\/revisions\/23834"}],"wp:featuredmedia":[{"embeddable":true,"href":"http:\/\/noticiastelered.com\/PortalDNoticias\/wp-json\/wp\/v2\/media\/23833"}],"wp:attachment":[{"href":"http:\/\/noticiastelered.com\/PortalDNoticias\/wp-json\/wp\/v2\/media?parent=23831"}],"wp:term":[{"taxonomy":"category","embeddable":true,"href":"http:\/\/noticiastelered.com\/PortalDNoticias\/wp-json\/wp\/v2\/categories?post=23831"},{"taxonomy":"post_tag","embeddable":true,"href":"http:\/\/noticiastelered.com\/PortalDNoticias\/wp-json\/wp\/v2\/tags?post=23831"}],"curies":[{"name":"wp","href":"https:\/\/api.w.org\/{rel}","templated":true}]}}