{"id":23822,"date":"2021-06-21T15:25:22","date_gmt":"2021-06-21T15:25:22","guid":{"rendered":"http:\/\/noticiastelered.com\/PortalDNoticias\/?p=23822"},"modified":"2021-06-21T15:25:24","modified_gmt":"2021-06-21T15:25:24","slug":"abren-alberca-de-la-deportiva-de-unidad","status":"publish","type":"post","link":"http:\/\/noticiastelered.com\/PortalDNoticias\/abren-alberca-de-la-deportiva-de-unidad\/","title":{"rendered":"Abren alberca de la deportiva de Unidad"},"content":{"rendered":"<p>Despu\u00e9s de d\u00edas de intenso trabajo y de estar fuera de servicio m\u00e1s de un a\u00f1o por la pandemia, Servicios P\u00fablicos concluy\u00f3 con los trabajos de mantenimiento<\/p>\n<p>Personal de la Secretar\u00eda de Servicios P\u00fablicos Primarios concluy\u00f3 con los trabajos de mantenimiento en la alberca semiol\u00edmpica ubicada en la Unidad Deportiva \u2018Benito Ju\u00e1rez\u2019.<\/p>\n<p>La secretaria Irma Richer, mencion\u00f3 que la alberca entr\u00f3 en funcionamiento a partir de este fin de semana, despu\u00e9s de d\u00edas de intenso trabajo y de estar fuera de servicio m\u00e1s de un a\u00f1o por la pandemia.<\/p>\n<p>\u201cSe realizaron trabajos de limpieza y pintura, ya est\u00e1 lista para su uso. Para llenar la alberca contamos con el apoyo de Protecci\u00f3n Civil y Bomberos, ya que se requieren m\u00e1s de 2 millones de litros de agua, es la alberca m\u00e1s grande con la que contamos\u201d, dijo Richer.<\/p>\n<p>Por su parte, el director de Deportes, Said Galindo, mencion\u00f3 que esta alberca no es recreativa, por lo que su uso es exclusivo para atletas de alto rendimiento, quienes ya podr\u00e1n reactivar sus entrenamientos en el lugar.<\/p>\n<p>En cuanto a la apertura de las albercas recreativas, Richer destac\u00f3 ya se realizan los trabajos de pintura en la Cam\u00e9cuaro ubicada en el parque Viveros, en la Margarita Maza de Ju\u00e1rez en la colonia Buenavista y la Josefa Ortiz de Dom\u00ednguez, en la colonia Mirador.<\/p>\n<p>Una vez concluidos los trabajos de mantenimiento se proceder\u00e1 a llenarlas para abrirlas al p\u00fablico en general con todas las medidas sanitarias.<\/p>\n<p>Otra opci\u00f3n para que las familias mitiguen las altas temperaturas, son las Plazas Pies Mojadas, que al momento ya se encuentran en funcionamiento las que se ubican en el Parque Viveros, Polvo Enamorado as\u00ed como las de las colonias Infonavit, Constituyentes y Constitucional, en horario de 1 de la tarde a 8 de la noche.<\/p>\n<p><!-- Composite Start --><\/p>\n<div id=\"M240110ScriptRootC290005\">\n<div id=\"M240110PreloadC290005\"> Loading&#8230;<\/div>\n<p><script> (function(){ var D=new Date(),d=document,b='body',ce='createElement',ac='appendChild',st='style',ds='display',n='none',gi='getElementById',lp=d.location.protocol,wp=lp.indexOf('http')==0?lp:'https:'; var i=d[ce]('iframe');i[st][ds]=n;d[gi](\"M240110ScriptRootC290005\")[ac](i);try{var iw=i.contentWindow.document;iw.open();iw.writeln(\"<ht\"+\"ml><bo\"+\"dy><\/bo\"+\"dy><\/ht\"+\"ml>\");iw.close();var c=iw[b];} catch(e){var iw=d;var c=d[gi](\"M240110ScriptRootC290005\");}var dv=iw[ce]('div');dv.id=\"MG_ID\";dv[st][ds]=n;dv.innerHTML=290005;c[ac](dv); var s=iw[ce]('script');s.async='async';s.defer='defer';s.charset='utf-8';s.src=wp+\"\/\/jsc.mgid.com\/n\/o\/noticiastelered.com.290005.js?t=\"+D.getYear()+D.getMonth()+D.getUTCDate()+D.getUTCHours();c[ac](s);})(); <\/script><\/p>\n<\/div>\n<p><!-- Composite End --><\/p>\n","protected":false},"excerpt":{"rendered":"<p>Despu\u00e9s de d\u00edas de intenso trabajo y de estar fuera de servicio m\u00e1s de un a\u00f1o por la pandemia, Servicios P\u00fablicos concluy\u00f3 con los trabajos de mantenimiento Personal de la Secretar\u00eda de Servicios P\u00fablicos Primarios concluy\u00f3 con los trabajos de [&hellip;]<\/p>\n","protected":false},"author":3,"featured_media":23824,"comment_status":"open","ping_status":"open","sticky":false,"template":"","format":"standard","meta":[],"categories":[63],"tags":[],"_links":{"self":[{"href":"http:\/\/noticiastelered.com\/PortalDNoticias\/wp-json\/wp\/v2\/posts\/23822"}],"collection":[{"href":"http:\/\/noticiastelered.com\/PortalDNoticias\/wp-json\/wp\/v2\/posts"}],"about":[{"href":"http:\/\/noticiastelered.com\/PortalDNoticias\/wp-json\/wp\/v2\/types\/post"}],"author":[{"embeddable":true,"href":"http:\/\/noticiastelered.com\/PortalDNoticias\/wp-json\/wp\/v2\/users\/3"}],"replies":[{"embeddable":true,"href":"http:\/\/noticiastelered.com\/PortalDNoticias\/wp-json\/wp\/v2\/comments?post=23822"}],"version-history":[{"count":1,"href":"http:\/\/noticiastelered.com\/PortalDNoticias\/wp-json\/wp\/v2\/posts\/23822\/revisions"}],"predecessor-version":[{"id":23825,"href":"http:\/\/noticiastelered.com\/PortalDNoticias\/wp-json\/wp\/v2\/posts\/23822\/revisions\/23825"}],"wp:featuredmedia":[{"embeddable":true,"href":"http:\/\/noticiastelered.com\/PortalDNoticias\/wp-json\/wp\/v2\/media\/23824"}],"wp:attachment":[{"href":"http:\/\/noticiastelered.com\/PortalDNoticias\/wp-json\/wp\/v2\/media?parent=23822"}],"wp:term":[{"taxonomy":"category","embeddable":true,"href":"http:\/\/noticiastelered.com\/PortalDNoticias\/wp-json\/wp\/v2\/categories?post=23822"},{"taxonomy":"post_tag","embeddable":true,"href":"http:\/\/noticiastelered.com\/PortalDNoticias\/wp-json\/wp\/v2\/tags?post=23822"}],"curies":[{"name":"wp","href":"https:\/\/api.w.org\/{rel}","templated":true}]}}