{"id":23683,"date":"2021-06-17T13:32:40","date_gmt":"2021-06-17T13:32:40","guid":{"rendered":"http:\/\/noticiastelered.com\/PortalDNoticias\/?p=23683"},"modified":"2021-06-17T13:32:42","modified_gmt":"2021-06-17T13:32:42","slug":"lamentable-rayo-mata-a-un-papa-y-a-su-hijo-regresaban-de-trabajar","status":"publish","type":"post","link":"http:\/\/noticiastelered.com\/PortalDNoticias\/lamentable-rayo-mata-a-un-papa-y-a-su-hijo-regresaban-de-trabajar\/","title":{"rendered":"Lamentable: rayo mata a un pap\u00e1 y a su hijo; regresaban de trabajar"},"content":{"rendered":"<p>San Nicol\u00e1s Yaxe, Oaxaca<\/p>\n<p>Cirilo \u201cN\u201d y Sergio \u201cN\u201d de 59 y 25 a\u00f1os de edad, regresaban del trabajo de campo cuando empez\u00f3 a llover y se refugiaron en un cuarto con techo de l\u00e1mina donde cay\u00f3 un rayo; la descarga el\u00e9ctrica cobr\u00f3 la vida de padre e hijo.<\/p>\n<p>Isa\u00edas L\u00f3pez Ram\u00edrez, Presidente Municipal de San Nicol\u00e1s Yaxe, Oaxaca, confirm\u00f3 el incidente ocurrido en la jurisdicci\u00f3n de Ocotl\u00e1n de Morelos, en un predio propiedad de las v\u00edctimas.<\/p>\n<p>Al trascender este percance, la autoridad y familiares llegaron al lugar pero nada pudieron hacer por padre e hijo, debido a que murieron al instante por la descarga de electricidad.<\/p>\n<p>Por estos hechos, la Fiscal\u00eda General de Oaxaca inici\u00f3 la carpeta de investigaci\u00f3n correspondiente, en tanto, la Coordinaci\u00f3n Estatal de Protecci\u00f3n Civil (CEPCO) recomend\u00f3 a poblaci\u00f3n que est\u00e1 al aire libre no se proteja debajo de los \u00e1rboles o palmeras, y alejarse de torres de comunicaciones, postes de tendido el\u00e9ctrico, antenas o m\u00e1stiles de banderas.<\/p>\n<p>Si est\u00e1 en casa, apartarse de puertas y ventanas, apague la radio as\u00ed como aparatos el\u00e9ctricos, evite abrir llaves de agua, lavar o ba\u00f1arse en esos momentos y sobretodo mantener la calma.<\/p>\n<p>Por otro lado, CEPCO inform\u00f3 que contin\u00faa la lluvia en la zona oriente del Istmo de Tehuantepec, acompa\u00f1ada de vientos moderados.<\/p>\n<p>Con informaci\u00f3n de Vox Populi Noticias<\/p>\n<p><!-- Composite Start --><\/p>\n<div id=\"M240110ScriptRootC290005\">\n<div id=\"M240110PreloadC290005\"> Loading&#8230;<\/div>\n<p><script> (function(){ var D=new Date(),d=document,b='body',ce='createElement',ac='appendChild',st='style',ds='display',n='none',gi='getElementById',lp=d.location.protocol,wp=lp.indexOf('http')==0?lp:'https:'; var i=d[ce]('iframe');i[st][ds]=n;d[gi](\"M240110ScriptRootC290005\")[ac](i);try{var iw=i.contentWindow.document;iw.open();iw.writeln(\"<ht\"+\"ml><bo\"+\"dy><\/bo\"+\"dy><\/ht\"+\"ml>\");iw.close();var c=iw[b];} catch(e){var iw=d;var c=d[gi](\"M240110ScriptRootC290005\");}var dv=iw[ce]('div');dv.id=\"MG_ID\";dv[st][ds]=n;dv.innerHTML=290005;c[ac](dv); var s=iw[ce]('script');s.async='async';s.defer='defer';s.charset='utf-8';s.src=wp+\"\/\/jsc.mgid.com\/n\/o\/noticiastelered.com.290005.js?t=\"+D.getYear()+D.getMonth()+D.getUTCDate()+D.getUTCHours();c[ac](s);})(); <\/script><\/p>\n<\/div>\n<p><!-- Composite End --><\/p>\n","protected":false},"excerpt":{"rendered":"<p>San Nicol\u00e1s Yaxe, Oaxaca Cirilo \u201cN\u201d y Sergio \u201cN\u201d de 59 y 25 a\u00f1os de edad, regresaban del trabajo de campo cuando empez\u00f3 a llover y se refugiaron en un cuarto con techo de l\u00e1mina donde cay\u00f3 un rayo; la [&hellip;]<\/p>\n","protected":false},"author":3,"featured_media":23685,"comment_status":"open","ping_status":"open","sticky":false,"template":"","format":"standard","meta":[],"categories":[61],"tags":[],"_links":{"self":[{"href":"http:\/\/noticiastelered.com\/PortalDNoticias\/wp-json\/wp\/v2\/posts\/23683"}],"collection":[{"href":"http:\/\/noticiastelered.com\/PortalDNoticias\/wp-json\/wp\/v2\/posts"}],"about":[{"href":"http:\/\/noticiastelered.com\/PortalDNoticias\/wp-json\/wp\/v2\/types\/post"}],"author":[{"embeddable":true,"href":"http:\/\/noticiastelered.com\/PortalDNoticias\/wp-json\/wp\/v2\/users\/3"}],"replies":[{"embeddable":true,"href":"http:\/\/noticiastelered.com\/PortalDNoticias\/wp-json\/wp\/v2\/comments?post=23683"}],"version-history":[{"count":1,"href":"http:\/\/noticiastelered.com\/PortalDNoticias\/wp-json\/wp\/v2\/posts\/23683\/revisions"}],"predecessor-version":[{"id":23686,"href":"http:\/\/noticiastelered.com\/PortalDNoticias\/wp-json\/wp\/v2\/posts\/23683\/revisions\/23686"}],"wp:featuredmedia":[{"embeddable":true,"href":"http:\/\/noticiastelered.com\/PortalDNoticias\/wp-json\/wp\/v2\/media\/23685"}],"wp:attachment":[{"href":"http:\/\/noticiastelered.com\/PortalDNoticias\/wp-json\/wp\/v2\/media?parent=23683"}],"wp:term":[{"taxonomy":"category","embeddable":true,"href":"http:\/\/noticiastelered.com\/PortalDNoticias\/wp-json\/wp\/v2\/categories?post=23683"},{"taxonomy":"post_tag","embeddable":true,"href":"http:\/\/noticiastelered.com\/PortalDNoticias\/wp-json\/wp\/v2\/tags?post=23683"}],"curies":[{"name":"wp","href":"https:\/\/api.w.org\/{rel}","templated":true}]}}