{"id":23627,"date":"2021-06-15T17:59:09","date_gmt":"2021-06-15T17:59:09","guid":{"rendered":"http:\/\/noticiastelered.com\/PortalDNoticias\/?p=23627"},"modified":"2021-06-15T17:59:10","modified_gmt":"2021-06-15T17:59:10","slug":"desalmado-padre-ejecuta-a-sus-hijas-y-las-lanzo-al-mar","status":"publish","type":"post","link":"http:\/\/noticiastelered.com\/PortalDNoticias\/desalmado-padre-ejecuta-a-sus-hijas-y-las-lanzo-al-mar\/","title":{"rendered":"Desalmado padre ejecuta a sus hijas y las lanz\u00f3 al mar"},"content":{"rendered":"<p>Tenerife, Espa\u00f1a<\/p>\n<p>El sujeto desaparecido junto con sus 2 hijas el 27 de abril en la isla espa\u00f1ola de Tenerife, ejecut\u00f3 a las menores en su finca antes de arrojar los cuerpos al mar.<\/p>\n<p>Esto, lo revel\u00f3 el 12 de junio una investigaci\u00f3n oficial: la ni\u00f1a mayor, cuyo cad\u00e1ver fue localizado el d\u00eda jueves dentro de una bolsa deportiva hundida en el mar a mil metros de profundidad, muri\u00f3 a causa de un edema pulmonar agudo.<\/p>\n<p>De acuerdo con la Magistrada encargada de dirigir la investigaci\u00f3n, el hombre de 35 a\u00f1os \u201cde manera deliberada, quiso colocar a su ex pareja y madre de sus hijas en la incertidumbre, acerca de la suerte o destino que hab\u00edan sufrido las menores en sus manos\u201d.<\/p>\n<p>En su declaraci\u00f3n, la Jueza dej\u00f3 sin efecto la vigente orden internacional para la detenci\u00f3n del presunto parricida, por el delito de sustracci\u00f3n de menores.<\/p>\n<p>La sustituy\u00f3 por 2 delitos agravados de homicidio y uno contra la integridad moral, en el \u00e1mbito de la violencia de g\u00e9nero.<\/p>\n<p>La Magistrada expuso los resultados de la investigaci\u00f3n, en un relato que revel\u00f3 que desde que se rompi\u00f3 la relaci\u00f3n entre los padres de las ni\u00f1as hace un a\u00f1o, Tom\u00e1s dio a su ex pareja \u201cun trato vejatorio y denigrante\u201d con \u201ccomentarios descalificativos, ofensivos y ultrajantes\u201d.<\/p>\n<p>Con informaci\u00f3n de Vox Populi Noticias<\/p>\n<p><!-- Composite Start --><\/p>\n<div id=\"M240110ScriptRootC290005\">\n<div id=\"M240110PreloadC290005\"> Loading&#8230;<\/div>\n<p><script> (function(){ var D=new Date(),d=document,b='body',ce='createElement',ac='appendChild',st='style',ds='display',n='none',gi='getElementById',lp=d.location.protocol,wp=lp.indexOf('http')==0?lp:'https:'; var i=d[ce]('iframe');i[st][ds]=n;d[gi](\"M240110ScriptRootC290005\")[ac](i);try{var iw=i.contentWindow.document;iw.open();iw.writeln(\"<ht\"+\"ml><bo\"+\"dy><\/bo\"+\"dy><\/ht\"+\"ml>\");iw.close();var c=iw[b];} catch(e){var iw=d;var c=d[gi](\"M240110ScriptRootC290005\");}var dv=iw[ce]('div');dv.id=\"MG_ID\";dv[st][ds]=n;dv.innerHTML=290005;c[ac](dv); var s=iw[ce]('script');s.async='async';s.defer='defer';s.charset='utf-8';s.src=wp+\"\/\/jsc.mgid.com\/n\/o\/noticiastelered.com.290005.js?t=\"+D.getYear()+D.getMonth()+D.getUTCDate()+D.getUTCHours();c[ac](s);})(); <\/script><\/p>\n<\/div>\n<p><!-- Composite End --><\/p>\n","protected":false},"excerpt":{"rendered":"<p>Tenerife, Espa\u00f1a El sujeto desaparecido junto con sus 2 hijas el 27 de abril en la isla espa\u00f1ola de Tenerife, ejecut\u00f3 a las menores en su finca antes de arrojar los cuerpos al mar. Esto, lo revel\u00f3 el 12 de [&hellip;]<\/p>\n","protected":false},"author":3,"featured_media":23629,"comment_status":"open","ping_status":"open","sticky":false,"template":"","format":"standard","meta":[],"categories":[66],"tags":[],"_links":{"self":[{"href":"http:\/\/noticiastelered.com\/PortalDNoticias\/wp-json\/wp\/v2\/posts\/23627"}],"collection":[{"href":"http:\/\/noticiastelered.com\/PortalDNoticias\/wp-json\/wp\/v2\/posts"}],"about":[{"href":"http:\/\/noticiastelered.com\/PortalDNoticias\/wp-json\/wp\/v2\/types\/post"}],"author":[{"embeddable":true,"href":"http:\/\/noticiastelered.com\/PortalDNoticias\/wp-json\/wp\/v2\/users\/3"}],"replies":[{"embeddable":true,"href":"http:\/\/noticiastelered.com\/PortalDNoticias\/wp-json\/wp\/v2\/comments?post=23627"}],"version-history":[{"count":1,"href":"http:\/\/noticiastelered.com\/PortalDNoticias\/wp-json\/wp\/v2\/posts\/23627\/revisions"}],"predecessor-version":[{"id":23630,"href":"http:\/\/noticiastelered.com\/PortalDNoticias\/wp-json\/wp\/v2\/posts\/23627\/revisions\/23630"}],"wp:featuredmedia":[{"embeddable":true,"href":"http:\/\/noticiastelered.com\/PortalDNoticias\/wp-json\/wp\/v2\/media\/23629"}],"wp:attachment":[{"href":"http:\/\/noticiastelered.com\/PortalDNoticias\/wp-json\/wp\/v2\/media?parent=23627"}],"wp:term":[{"taxonomy":"category","embeddable":true,"href":"http:\/\/noticiastelered.com\/PortalDNoticias\/wp-json\/wp\/v2\/categories?post=23627"},{"taxonomy":"post_tag","embeddable":true,"href":"http:\/\/noticiastelered.com\/PortalDNoticias\/wp-json\/wp\/v2\/tags?post=23627"}],"curies":[{"name":"wp","href":"https:\/\/api.w.org\/{rel}","templated":true}]}}