{"id":23619,"date":"2021-06-15T17:52:41","date_gmt":"2021-06-15T17:52:41","guid":{"rendered":"http:\/\/noticiastelered.com\/PortalDNoticias\/?p=23619"},"modified":"2021-06-15T17:52:43","modified_gmt":"2021-06-15T17:52:43","slug":"gal-gadot-se-despide-de-mujer-maravilla-una-actriz-brasilena-podria-ser-su-reemplazo","status":"publish","type":"post","link":"http:\/\/noticiastelered.com\/PortalDNoticias\/gal-gadot-se-despide-de-mujer-maravilla-una-actriz-brasilena-podria-ser-su-reemplazo\/","title":{"rendered":"\u00bfGal Gadot se despide de Mujer Maravilla? Una actriz brasile\u00f1a podr\u00eda ser su reemplazo"},"content":{"rendered":"<p>Estados Unidos<\/p>\n<p>Corre el fuerte rumor de que se estar\u00eda pensando en reemplazar a Gal Gadot en su papel de \u201cLa Mujer Maravilla\u201d. En su lugar tendr\u00edamos a otra versi\u00f3n de la hero\u00edna, ni m\u00e1s ni menos que Yara Flor.<\/p>\n<p>En efecto, Gal Gadot se quedar\u00eda con el personaje de la Princesa de Themyscira; aunque ya no aparecer\u00eda en m\u00e1s pel\u00edculas, siendo reemplazada por Flor.<\/p>\n<p>De acuerdo con reportes, \u201cLa Mujer Maravilla\u201d de Brasil ser\u00eda introducida al DCEU en \u201cThe Flash\u201d, aunque no se sabe si ocupar\u00eda el lugar de Gadot.<\/p>\n<p>No hay que olvidar que Gal Gadot y Patty Jenkins ya confirmaron su regreso para \u201cWonder Woman 3\u201d, aunque esta a\u00fan no inicia su producci\u00f3n.<\/p>\n<p>Como todos los rumores, no hay una declaraci\u00f3n oficial por parte de Warner Bros. o la propia Gal Gadot.<\/p>\n<p>Se dice que Gal Gadot perder\u00eda el papel de \u201cLa Mujer Maravilla\u201d por el mal recibimiento de \u201cWonder Woman 198a\u201d o su pol\u00e9mica por el conflicto \u201cIsrael-Palestina\u201d.<\/p>\n<p>No obstante, We Got This Covered se\u00f1ala que la posible salida de Gal Gadot corresponder\u00eda al mismo proceso creativo del DCEU.<\/p>\n<p>Es decir que ser\u00eda algo natural, tomando en cuenta los m\u00faltiples proyectos en los que est\u00e1 involucrada la actriz en los pr\u00f3ximos a\u00f1os.<\/p>\n<p>Adem\u00e1s, se menciona que la edad le jugar\u00eda en contra, pues, as\u00ed como el resto del elenco del DCEU, no podr\u00eda interpretar a Diana a perpetuidad.<\/p>\n<p>A pesar de todo sus tropiezos, el DCEU ya tiene 8 a\u00f1os de haber empezado y Gal Gadot lleva 5 como \u201cLa Mujer Maravilla\u201d.<\/p>\n<p>No es extra\u00f1o pensar que ella deje el papel en unos a\u00f1os; la llegada de Yara Flor ser\u00eda lo m\u00e1s l\u00f3gico sino se quiere hacer un recast.<\/p>\n<p>Con informaci\u00f3n de Vox Populi Noticias<\/p>\n<p><!-- Composite Start --><\/p>\n<div id=\"M240110ScriptRootC290005\">\n<div id=\"M240110PreloadC290005\"> Loading&#8230;<\/div>\n<p><script> (function(){ var D=new Date(),d=document,b='body',ce='createElement',ac='appendChild',st='style',ds='display',n='none',gi='getElementById',lp=d.location.protocol,wp=lp.indexOf('http')==0?lp:'https:'; var i=d[ce]('iframe');i[st][ds]=n;d[gi](\"M240110ScriptRootC290005\")[ac](i);try{var iw=i.contentWindow.document;iw.open();iw.writeln(\"<ht\"+\"ml><bo\"+\"dy><\/bo\"+\"dy><\/ht\"+\"ml>\");iw.close();var c=iw[b];} catch(e){var iw=d;var c=d[gi](\"M240110ScriptRootC290005\");}var dv=iw[ce]('div');dv.id=\"MG_ID\";dv[st][ds]=n;dv.innerHTML=290005;c[ac](dv); var s=iw[ce]('script');s.async='async';s.defer='defer';s.charset='utf-8';s.src=wp+\"\/\/jsc.mgid.com\/n\/o\/noticiastelered.com.290005.js?t=\"+D.getYear()+D.getMonth()+D.getUTCDate()+D.getUTCHours();c[ac](s);})(); <\/script><\/p>\n<\/div>\n<p><!-- Composite End --><\/p>\n","protected":false},"excerpt":{"rendered":"<p>Estados Unidos Corre el fuerte rumor de que se estar\u00eda pensando en reemplazar a Gal Gadot en su papel de \u201cLa Mujer Maravilla\u201d. En su lugar tendr\u00edamos a otra versi\u00f3n de la hero\u00edna, ni m\u00e1s ni menos que Yara Flor. [&hellip;]<\/p>\n","protected":false},"author":3,"featured_media":23621,"comment_status":"open","ping_status":"open","sticky":false,"template":"","format":"standard","meta":[],"categories":[66],"tags":[],"_links":{"self":[{"href":"http:\/\/noticiastelered.com\/PortalDNoticias\/wp-json\/wp\/v2\/posts\/23619"}],"collection":[{"href":"http:\/\/noticiastelered.com\/PortalDNoticias\/wp-json\/wp\/v2\/posts"}],"about":[{"href":"http:\/\/noticiastelered.com\/PortalDNoticias\/wp-json\/wp\/v2\/types\/post"}],"author":[{"embeddable":true,"href":"http:\/\/noticiastelered.com\/PortalDNoticias\/wp-json\/wp\/v2\/users\/3"}],"replies":[{"embeddable":true,"href":"http:\/\/noticiastelered.com\/PortalDNoticias\/wp-json\/wp\/v2\/comments?post=23619"}],"version-history":[{"count":1,"href":"http:\/\/noticiastelered.com\/PortalDNoticias\/wp-json\/wp\/v2\/posts\/23619\/revisions"}],"predecessor-version":[{"id":23622,"href":"http:\/\/noticiastelered.com\/PortalDNoticias\/wp-json\/wp\/v2\/posts\/23619\/revisions\/23622"}],"wp:featuredmedia":[{"embeddable":true,"href":"http:\/\/noticiastelered.com\/PortalDNoticias\/wp-json\/wp\/v2\/media\/23621"}],"wp:attachment":[{"href":"http:\/\/noticiastelered.com\/PortalDNoticias\/wp-json\/wp\/v2\/media?parent=23619"}],"wp:term":[{"taxonomy":"category","embeddable":true,"href":"http:\/\/noticiastelered.com\/PortalDNoticias\/wp-json\/wp\/v2\/categories?post=23619"},{"taxonomy":"post_tag","embeddable":true,"href":"http:\/\/noticiastelered.com\/PortalDNoticias\/wp-json\/wp\/v2\/tags?post=23619"}],"curies":[{"name":"wp","href":"https:\/\/api.w.org\/{rel}","templated":true}]}}