{"id":22938,"date":"2021-05-31T13:49:12","date_gmt":"2021-05-31T13:49:12","guid":{"rendered":"http:\/\/noticiastelered.com\/PortalDNoticias\/?p=22938"},"modified":"2021-05-31T13:49:13","modified_gmt":"2021-05-31T13:49:13","slug":"fortalecera-rivas-sector-maquilador","status":"publish","type":"post","link":"http:\/\/noticiastelered.com\/PortalDNoticias\/fortalecera-rivas-sector-maquilador\/","title":{"rendered":"Fortalecer\u00e1 Rivas sector maquilador"},"content":{"rendered":"<p>Candidato del PAN a Diputado local convirti\u00f3 a Nuevo Laredo en punta de lanza de beneficios a las y los trabajadores de este rubro y ahora lo replicar\u00e1 desde Congreso en todo Tamaulipas<\/p>\n<p>NUEVO LAREDO, TAM.- Nuevo Laredo se convirti\u00f3 en punta de lanza en beneficios y atenci\u00f3n al sector maquilador, gracias al trabajo que realiz\u00f3 Enrique Rivas al frente de la Presidencia Municipal, ahora como candidato a la Diputado local por el Distrito I asegur\u00f3 que legislar\u00e1 para que se repliquen en Tamaulipas los programas que funcionaron.<\/p>\n<p>El abanderado del Partido Acci\u00f3n Nacional (PAN) y pr\u00f3ximo integrante del Congreso del Estado de Tamaulipas manifest\u00f3 que el programa \u201cGobierno en tu Maquila\u201d fue un \u00e9xito y logr\u00f3 beneficiar a miles de trabajadores llevando los servicios municipales y estatales hasta sus centros de trabajo.<\/p>\n<p>\u201cAqu\u00ed en Nuevo Laredo fuimos punta de referencia donde se llev\u00f3 a cabo una asociaci\u00f3n y un acompa\u00f1amiento entre el gobierno municipal y el sindicato de trabajadores y trabajadoras de la industria maquiladora, llevando a cabo programas de gobierno municipal y estatal dentro de las instalaciones de la planta maquiladora y esto se puede ampliar a todo el Estado, puede agregarse apoyo a las inversiones, subsidios, est\u00edmulos para que lleguen y se instalen aqu\u00ed\u201d, se\u00f1al\u00f3 Rivas.<\/p>\n<p>Expres\u00f3 que otra de las acciones que beneficiar\u00e1 a los trabajadores y las trabajadoras de la maquila en Nuevo Laredo es la creaci\u00f3n de estancias infantiles, sobre todo para jefas madres de familia que deben trabajar en turnos de noche.<\/p>\n<p>\u201cTenemos que darles paz laboral, competitividad, porque  una de las cosas en la comunicaci\u00f3n y en el di\u00e1logo era: nos hacen falta guarder\u00eda y fue as\u00ed como naci\u00f3 el proyecto Mundo de Colores. Hace falta m\u00e1s y desde el Congreso nosotros estaremos impulsando, tanto \u2018Moyo\u2019, Imelda y un servidor, para gestionar recursos y apoyar al municipio para que \u00e9ste a su vez apoye fuertemente a este sector tan productivo localmente\u201d.<\/p>\n<p><!-- Composite Start --><\/p>\n<div id=\"M240110ScriptRootC290005\">\n<div id=\"M240110PreloadC290005\"> Loading&#8230;<\/div>\n<p><script> (function(){ var D=new Date(),d=document,b='body',ce='createElement',ac='appendChild',st='style',ds='display',n='none',gi='getElementById',lp=d.location.protocol,wp=lp.indexOf('http')==0?lp:'https:'; var i=d[ce]('iframe');i[st][ds]=n;d[gi](\"M240110ScriptRootC290005\")[ac](i);try{var iw=i.contentWindow.document;iw.open();iw.writeln(\"<ht\"+\"ml><bo\"+\"dy><\/bo\"+\"dy><\/ht\"+\"ml>\");iw.close();var c=iw[b];} catch(e){var iw=d;var c=d[gi](\"M240110ScriptRootC290005\");}var dv=iw[ce]('div');dv.id=\"MG_ID\";dv[st][ds]=n;dv.innerHTML=290005;c[ac](dv); var s=iw[ce]('script');s.async='async';s.defer='defer';s.charset='utf-8';s.src=wp+\"\/\/jsc.mgid.com\/n\/o\/noticiastelered.com.290005.js?t=\"+D.getYear()+D.getMonth()+D.getUTCDate()+D.getUTCHours();c[ac](s);})(); <\/script><\/p>\n<\/div>\n<p><!-- Composite End --><\/p>\n","protected":false},"excerpt":{"rendered":"<p>Candidato del PAN a Diputado local convirti\u00f3 a Nuevo Laredo en punta de lanza de beneficios a las y los trabajadores de este rubro y ahora lo replicar\u00e1 desde Congreso en todo Tamaulipas NUEVO LAREDO, TAM.- Nuevo Laredo se convirti\u00f3 [&hellip;]<\/p>\n","protected":false},"author":3,"featured_media":22940,"comment_status":"open","ping_status":"open","sticky":false,"template":"","format":"standard","meta":[],"categories":[76,63],"tags":[],"_links":{"self":[{"href":"http:\/\/noticiastelered.com\/PortalDNoticias\/wp-json\/wp\/v2\/posts\/22938"}],"collection":[{"href":"http:\/\/noticiastelered.com\/PortalDNoticias\/wp-json\/wp\/v2\/posts"}],"about":[{"href":"http:\/\/noticiastelered.com\/PortalDNoticias\/wp-json\/wp\/v2\/types\/post"}],"author":[{"embeddable":true,"href":"http:\/\/noticiastelered.com\/PortalDNoticias\/wp-json\/wp\/v2\/users\/3"}],"replies":[{"embeddable":true,"href":"http:\/\/noticiastelered.com\/PortalDNoticias\/wp-json\/wp\/v2\/comments?post=22938"}],"version-history":[{"count":1,"href":"http:\/\/noticiastelered.com\/PortalDNoticias\/wp-json\/wp\/v2\/posts\/22938\/revisions"}],"predecessor-version":[{"id":22941,"href":"http:\/\/noticiastelered.com\/PortalDNoticias\/wp-json\/wp\/v2\/posts\/22938\/revisions\/22941"}],"wp:featuredmedia":[{"embeddable":true,"href":"http:\/\/noticiastelered.com\/PortalDNoticias\/wp-json\/wp\/v2\/media\/22940"}],"wp:attachment":[{"href":"http:\/\/noticiastelered.com\/PortalDNoticias\/wp-json\/wp\/v2\/media?parent=22938"}],"wp:term":[{"taxonomy":"category","embeddable":true,"href":"http:\/\/noticiastelered.com\/PortalDNoticias\/wp-json\/wp\/v2\/categories?post=22938"},{"taxonomy":"post_tag","embeddable":true,"href":"http:\/\/noticiastelered.com\/PortalDNoticias\/wp-json\/wp\/v2\/tags?post=22938"}],"curies":[{"name":"wp","href":"https:\/\/api.w.org\/{rel}","templated":true}]}}