{"id":22926,"date":"2021-05-31T13:42:32","date_gmt":"2021-05-31T13:42:32","guid":{"rendered":"http:\/\/noticiastelered.com\/PortalDNoticias\/?p=22926"},"modified":"2021-05-31T13:42:34","modified_gmt":"2021-05-31T13:42:34","slug":"reiteran-comerciantes-su-voto-por-rivas","status":"publish","type":"post","link":"http:\/\/noticiastelered.com\/PortalDNoticias\/reiteran-comerciantes-su-voto-por-rivas\/","title":{"rendered":"Reiteran comerciantes su voto por Rivas"},"content":{"rendered":"<p>El candidato del PAN a Diputado local encabeza el Foro Legislar para Gobernar y se compromete a trabajar desde el Congreso para apoyar a los propietarios de negocios<\/p>\n<p>NUEVO LAREDO, TAM.- Los comerciantes confirmaron su respaldo al candidato del PAN a Diputado local por el Distrito I, Enrique Rivas, durante el Foro Legislar para Gobernar, en el que tambi\u00e9n le presentaron sus propuestas de apoyo econ\u00f3mico al gremio y de incentivos para iniciar nuevos negocios.<\/p>\n<p>El abanderado del Partido de Acci\u00f3n Nacional escuch\u00f3 las peticiones de los asistentes y se comprometi\u00f3 a seguir impulsando la econom\u00eda de Nuevo Laredo.<\/p>\n<p>Rivas ha encabezado estos foros, en Estaci\u00f3n Palabra Gabriel Garc\u00eda Marquez, con temas de importancia para la comunidad,  como salud, la mujer, educaci\u00f3n, familia y econom\u00eda.<\/p>\n<p>Los presentes destacaron el crecimiento econ\u00f3mico que ha registrado Nuevo Laredo aun con la pandemia y el bajo porcentaje de desempleo.<\/p>\n<p>\u201cEl tema del desarrollo econ\u00f3mico, la peticiones, las propuestas van encaminadas a apoyos financieros en los negocios que han sido da\u00f1ados por la pandemia o el tema de la helada y recientemente con la tromba de hace dos lunes, trabajaremos en ese mismo sentido que sin duda alguna va a encabezar Yahleel Abdala, pr\u00f3xima Presidenta Municipal\u201d, manifest\u00f3 Rivas.<\/p>\n<p>El candidato a la Diputaci\u00f3n Local detall\u00f3 que impulsar\u00e1 estos proyectos de emprendedores, vincularlos con la sociedad civil y poder generar condiciones de capacitaci\u00f3n, asesor\u00eda, acompa\u00f1amiento y de financiamiento para que haya m\u00e1s negocios, m\u00e1s empresas y m\u00e1s bienestar para los neolaredenses con empleos mejor pagados.<\/p>\n<p><!-- Composite Start --><\/p>\n<div id=\"M240110ScriptRootC290005\">\n<div id=\"M240110PreloadC290005\"> Loading&#8230;<\/div>\n<p><script> (function(){ var D=new Date(),d=document,b='body',ce='createElement',ac='appendChild',st='style',ds='display',n='none',gi='getElementById',lp=d.location.protocol,wp=lp.indexOf('http')==0?lp:'https:'; var i=d[ce]('iframe');i[st][ds]=n;d[gi](\"M240110ScriptRootC290005\")[ac](i);try{var iw=i.contentWindow.document;iw.open();iw.writeln(\"<ht\"+\"ml><bo\"+\"dy><\/bo\"+\"dy><\/ht\"+\"ml>\");iw.close();var c=iw[b];} catch(e){var iw=d;var c=d[gi](\"M240110ScriptRootC290005\");}var dv=iw[ce]('div');dv.id=\"MG_ID\";dv[st][ds]=n;dv.innerHTML=290005;c[ac](dv); var s=iw[ce]('script');s.async='async';s.defer='defer';s.charset='utf-8';s.src=wp+\"\/\/jsc.mgid.com\/n\/o\/noticiastelered.com.290005.js?t=\"+D.getYear()+D.getMonth()+D.getUTCDate()+D.getUTCHours();c[ac](s);})(); <\/script><\/p>\n<\/div>\n<p><!-- Composite End --><\/p>\n","protected":false},"excerpt":{"rendered":"<p>El candidato del PAN a Diputado local encabeza el Foro Legislar para Gobernar y se compromete a trabajar desde el Congreso para apoyar a los propietarios de negocios NUEVO LAREDO, TAM.- Los comerciantes confirmaron su respaldo al candidato del PAN [&hellip;]<\/p>\n","protected":false},"author":3,"featured_media":22928,"comment_status":"open","ping_status":"open","sticky":false,"template":"","format":"standard","meta":[],"categories":[76,63],"tags":[],"_links":{"self":[{"href":"http:\/\/noticiastelered.com\/PortalDNoticias\/wp-json\/wp\/v2\/posts\/22926"}],"collection":[{"href":"http:\/\/noticiastelered.com\/PortalDNoticias\/wp-json\/wp\/v2\/posts"}],"about":[{"href":"http:\/\/noticiastelered.com\/PortalDNoticias\/wp-json\/wp\/v2\/types\/post"}],"author":[{"embeddable":true,"href":"http:\/\/noticiastelered.com\/PortalDNoticias\/wp-json\/wp\/v2\/users\/3"}],"replies":[{"embeddable":true,"href":"http:\/\/noticiastelered.com\/PortalDNoticias\/wp-json\/wp\/v2\/comments?post=22926"}],"version-history":[{"count":1,"href":"http:\/\/noticiastelered.com\/PortalDNoticias\/wp-json\/wp\/v2\/posts\/22926\/revisions"}],"predecessor-version":[{"id":22929,"href":"http:\/\/noticiastelered.com\/PortalDNoticias\/wp-json\/wp\/v2\/posts\/22926\/revisions\/22929"}],"wp:featuredmedia":[{"embeddable":true,"href":"http:\/\/noticiastelered.com\/PortalDNoticias\/wp-json\/wp\/v2\/media\/22928"}],"wp:attachment":[{"href":"http:\/\/noticiastelered.com\/PortalDNoticias\/wp-json\/wp\/v2\/media?parent=22926"}],"wp:term":[{"taxonomy":"category","embeddable":true,"href":"http:\/\/noticiastelered.com\/PortalDNoticias\/wp-json\/wp\/v2\/categories?post=22926"},{"taxonomy":"post_tag","embeddable":true,"href":"http:\/\/noticiastelered.com\/PortalDNoticias\/wp-json\/wp\/v2\/tags?post=22926"}],"curies":[{"name":"wp","href":"https:\/\/api.w.org\/{rel}","templated":true}]}}