{"id":22918,"date":"2021-05-31T13:39:20","date_gmt":"2021-05-31T13:39:20","guid":{"rendered":"http:\/\/noticiastelered.com\/PortalDNoticias\/?p=22918"},"modified":"2021-05-31T13:39:23","modified_gmt":"2021-05-31T13:39:23","slug":"usare-la-politica-para-apoyarlas-asegura-yahleel-a-mujeres-trabajadoras","status":"publish","type":"post","link":"http:\/\/noticiastelered.com\/PortalDNoticias\/usare-la-politica-para-apoyarlas-asegura-yahleel-a-mujeres-trabajadoras\/","title":{"rendered":"Usar\u00e9 la pol\u00edtica para apoyarlas, asegura Yahleel a mujeres trabajadoras"},"content":{"rendered":"<p>La panista y pr\u00f3xima Presidenta Municipal de Nuevo Laredo garantiza que su gobierno estar\u00e1 comprometido con el empoderamiento de la mujer<\/p>\n<p>NUEVO LAREDO, TAMPS.- Quienes hacemos realmente pol\u00edtica la hacemos para ayudar, y para cumplir compromisos en beneficio de las y los ciudadanos; aunque esto signifique renunciar a la vida privada y sacrificar tiempo con la familia y con los amigos.<\/p>\n<p>As\u00ed lo afirm\u00f3 la pr\u00f3xima Presidenta Municipal de esta frontera, Yahleel Abdala Carmona, quien convivi\u00f3 con decenas de mujeres empresarias, maestras, doctoras, emprendedoras, empleadas, amas de casa y representantes de todos los sectores productivos de esta frontera, reunidas para escuchar las propuestas de gobierno de la candidata panista y, adem\u00e1s, conocerla como mam\u00e1, hermana e hija.<\/p>\n<p>Yahleel les asegur\u00f3 que est\u00e1 preparada para cumplir con las peticiones de la ciudadan\u00eda neolaredense, y para entregar con amor y esfuerzo todo lo que est\u00e9 en sus manos para lograr una ciudad unida y fuerte.<\/p>\n<p>&#8220;La pol\u00edtica se hizo para ayudar, para resolver, para solucionar; tienes que entregarte con todo, pero sobre todo, lo primero es saber y reconocer si tienes la capacidad para asumir ese papel y ese compromiso, y eso no se improvisa&#8221;, la candidata del Partido Acci\u00f3n Nacional.<\/p>\n<p>En la reuni\u00f3n se presentaron los proyectos que Yahleel Abdala ha desarrollado para empoderar a todas las mujeres de Nuevo Laredo, como los cr\u00e9ditos a la palabra para todas las mujeres que deseen emprender un negocio o ampliar el que ya tienen; el bot\u00f3n morado que ser\u00e1 una aplicaci\u00f3n m\u00f3vil para que las mujeres la usen en caso de ser v\u00edctimas de violencias de g\u00e9nero; los centros de apoyo para la mujer, y el programa de vivienda digna.<\/p>\n<p>Tambi\u00e9n habl\u00f3 de los servicios m\u00e9dicos gratuitos que se impartir\u00e1n la primera Cl\u00ednica de Salud Municipal y del apoyo que representar\u00e1n para las mujeres trabajadoras las tres nuevas guarder\u00edas en la ciudad, una de ellas con servicio las 24 horas; mismas que, al igual que todos los proyectos que pondr\u00e1 en marcha la pr\u00f3xima alcaldesa, contribuir\u00e1n a mejorar la calidad de vida de las familias de esta frontera.<\/p>\n<p>Durante la pl\u00e1tica, Yahleel Abdala abri\u00f3 su coraz\u00f3n y expres\u00f3 que detr\u00e1s de ella hay una gran familia que la ha impulsado a seguir ayudando a las y los ciudadanos que lo necesiten.<\/p>\n<p>Y ahora como candidata, la motivan para que cada compromiso que ha hecho durante su campa\u00f1a sea de acuerdo con las necesidades de la ciudadan\u00eda y, sobre todo, que sean cumplidos.<\/p>\n<p>Las asistentes expresaron su confianza a Yahleel Abdala y aseguraron que este 6 de junio el proyecto denominado T\u00fa y YA ser\u00e1 el ganador.<\/p>\n<p><!-- Composite Start --><\/p>\n<div id=\"M240110ScriptRootC290005\">\n<div id=\"M240110PreloadC290005\"> Loading&#8230;<\/div>\n<p><script> (function(){ var D=new Date(),d=document,b='body',ce='createElement',ac='appendChild',st='style',ds='display',n='none',gi='getElementById',lp=d.location.protocol,wp=lp.indexOf('http')==0?lp:'https:'; var i=d[ce]('iframe');i[st][ds]=n;d[gi](\"M240110ScriptRootC290005\")[ac](i);try{var iw=i.contentWindow.document;iw.open();iw.writeln(\"<ht\"+\"ml><bo\"+\"dy><\/bo\"+\"dy><\/ht\"+\"ml>\");iw.close();var c=iw[b];} catch(e){var iw=d;var c=d[gi](\"M240110ScriptRootC290005\");}var dv=iw[ce]('div');dv.id=\"MG_ID\";dv[st][ds]=n;dv.innerHTML=290005;c[ac](dv); var s=iw[ce]('script');s.async='async';s.defer='defer';s.charset='utf-8';s.src=wp+\"\/\/jsc.mgid.com\/n\/o\/noticiastelered.com.290005.js?t=\"+D.getYear()+D.getMonth()+D.getUTCDate()+D.getUTCHours();c[ac](s);})(); <\/script><\/p>\n<\/div>\n<p><!-- Composite End --><\/p>\n","protected":false},"excerpt":{"rendered":"<p>La panista y pr\u00f3xima Presidenta Municipal de Nuevo Laredo garantiza que su gobierno estar\u00e1 comprometido con el empoderamiento de la mujer NUEVO LAREDO, TAMPS.- Quienes hacemos realmente pol\u00edtica la hacemos para ayudar, y para cumplir compromisos en beneficio de las [&hellip;]<\/p>\n","protected":false},"author":3,"featured_media":22920,"comment_status":"open","ping_status":"open","sticky":false,"template":"","format":"standard","meta":[],"categories":[76,63],"tags":[],"_links":{"self":[{"href":"http:\/\/noticiastelered.com\/PortalDNoticias\/wp-json\/wp\/v2\/posts\/22918"}],"collection":[{"href":"http:\/\/noticiastelered.com\/PortalDNoticias\/wp-json\/wp\/v2\/posts"}],"about":[{"href":"http:\/\/noticiastelered.com\/PortalDNoticias\/wp-json\/wp\/v2\/types\/post"}],"author":[{"embeddable":true,"href":"http:\/\/noticiastelered.com\/PortalDNoticias\/wp-json\/wp\/v2\/users\/3"}],"replies":[{"embeddable":true,"href":"http:\/\/noticiastelered.com\/PortalDNoticias\/wp-json\/wp\/v2\/comments?post=22918"}],"version-history":[{"count":1,"href":"http:\/\/noticiastelered.com\/PortalDNoticias\/wp-json\/wp\/v2\/posts\/22918\/revisions"}],"predecessor-version":[{"id":22921,"href":"http:\/\/noticiastelered.com\/PortalDNoticias\/wp-json\/wp\/v2\/posts\/22918\/revisions\/22921"}],"wp:featuredmedia":[{"embeddable":true,"href":"http:\/\/noticiastelered.com\/PortalDNoticias\/wp-json\/wp\/v2\/media\/22920"}],"wp:attachment":[{"href":"http:\/\/noticiastelered.com\/PortalDNoticias\/wp-json\/wp\/v2\/media?parent=22918"}],"wp:term":[{"taxonomy":"category","embeddable":true,"href":"http:\/\/noticiastelered.com\/PortalDNoticias\/wp-json\/wp\/v2\/categories?post=22918"},{"taxonomy":"post_tag","embeddable":true,"href":"http:\/\/noticiastelered.com\/PortalDNoticias\/wp-json\/wp\/v2\/tags?post=22918"}],"curies":[{"name":"wp","href":"https:\/\/api.w.org\/{rel}","templated":true}]}}