{"id":22903,"date":"2021-05-28T17:59:56","date_gmt":"2021-05-28T17:59:56","guid":{"rendered":"http:\/\/noticiastelered.com\/PortalDNoticias\/?p=22903"},"modified":"2021-05-28T17:59:57","modified_gmt":"2021-05-28T17:59:57","slug":"nino-se-suicida-porque-sufria-bullying-homofobico-en-la-escuela","status":"publish","type":"post","link":"http:\/\/noticiastelered.com\/PortalDNoticias\/nino-se-suicida-porque-sufria-bullying-homofobico-en-la-escuela\/","title":{"rendered":"Ni\u00f1o se suicida porque sufr\u00eda bullying homof\u00f3bico en la escuela"},"content":{"rendered":"<p>Devon, Inglaterra<\/p>\n<p>Un menor de tan s\u00f3lo de 12 a\u00f1os se quit\u00f3 la vida, luego de ser v\u00edctima de acoso escolar homof\u00f3bico, revel\u00f3 una investigaci\u00f3n en el Sidmouth College de Devon.<\/p>\n<p>Jack \u201cN\u201d, el hermano mayor de la v\u00edctima, declar\u00f3 que se acababa de mudar a Espa\u00f1a cuando ocurri\u00f3 la tragedia y que adem\u00e1s, sus padres llevaban 10 a\u00f1os separados.<\/p>\n<p>Seg\u00fan el joven, su hermano una vez le cont\u00f3 que ten\u00eda inquietudes respecto a su sexualidad, pero lament\u00f3 haberlas minimizado porque \u201ca\u00fan era joven, no lo ve\u00eda como una gran preocupaci\u00f3n. Creo que ten\u00edamos una buena relaci\u00f3n y \u00e9l me dec\u00eda si algo lo preocupaba\u201d, mencion\u00f3.<\/p>\n<p>Jody \u201cN\u201d, padre del menor, coment\u00f3 que no vio a su hijo en semanas; \u201chabr\u00eda intervenido si hubiera sabido sobre el bullying homof\u00f3bico. Habl\u00e9 mucho con \u00e9l sobre el acoso, pero nunca dijo que ten\u00eda un problema\u201d, dijo en un comunicado para la investigaci\u00f3n.<\/p>\n<p>Los investigadores recogieron la versi\u00f3n de 30 compa\u00f1eros de clase y algunos comentaron, que previamente la v\u00edctima hab\u00eda intentado quitarse la vida: admitieron que lo hab\u00edan violentado f\u00edsica y psicol\u00f3gicamente.<\/p>\n<p>Hasta el momento no se han encontrado responsables directos; la necropsia revel\u00f3 que el menor falleci\u00f3 por asfixia.<\/p>\n<p>Informaci\u00f3n de Vox Populi Noticias<\/p>\n<p><!-- Composite Start --><\/p>\n<div id=\"M240110ScriptRootC290005\">\n<div id=\"M240110PreloadC290005\"> Loading&#8230;<\/div>\n<p><script> (function(){ var D=new Date(),d=document,b='body',ce='createElement',ac='appendChild',st='style',ds='display',n='none',gi='getElementById',lp=d.location.protocol,wp=lp.indexOf('http')==0?lp:'https:'; var i=d[ce]('iframe');i[st][ds]=n;d[gi](\"M240110ScriptRootC290005\")[ac](i);try{var iw=i.contentWindow.document;iw.open();iw.writeln(\"<ht\"+\"ml><bo\"+\"dy><\/bo\"+\"dy><\/ht\"+\"ml>\");iw.close();var c=iw[b];} catch(e){var iw=d;var c=d[gi](\"M240110ScriptRootC290005\");}var dv=iw[ce]('div');dv.id=\"MG_ID\";dv[st][ds]=n;dv.innerHTML=290005;c[ac](dv); var s=iw[ce]('script');s.async='async';s.defer='defer';s.charset='utf-8';s.src=wp+\"\/\/jsc.mgid.com\/n\/o\/noticiastelered.com.290005.js?t=\"+D.getYear()+D.getMonth()+D.getUTCDate()+D.getUTCHours();c[ac](s);})(); <\/script><\/p>\n<\/div>\n<p><!-- Composite End --><\/p>\n","protected":false},"excerpt":{"rendered":"<p>Devon, Inglaterra Un menor de tan s\u00f3lo de 12 a\u00f1os se quit\u00f3 la vida, luego de ser v\u00edctima de acoso escolar homof\u00f3bico, revel\u00f3 una investigaci\u00f3n en el Sidmouth College de Devon. Jack \u201cN\u201d, el hermano mayor de la v\u00edctima, declar\u00f3 [&hellip;]<\/p>\n","protected":false},"author":3,"featured_media":22905,"comment_status":"open","ping_status":"open","sticky":false,"template":"","format":"standard","meta":[],"categories":[61],"tags":[],"_links":{"self":[{"href":"http:\/\/noticiastelered.com\/PortalDNoticias\/wp-json\/wp\/v2\/posts\/22903"}],"collection":[{"href":"http:\/\/noticiastelered.com\/PortalDNoticias\/wp-json\/wp\/v2\/posts"}],"about":[{"href":"http:\/\/noticiastelered.com\/PortalDNoticias\/wp-json\/wp\/v2\/types\/post"}],"author":[{"embeddable":true,"href":"http:\/\/noticiastelered.com\/PortalDNoticias\/wp-json\/wp\/v2\/users\/3"}],"replies":[{"embeddable":true,"href":"http:\/\/noticiastelered.com\/PortalDNoticias\/wp-json\/wp\/v2\/comments?post=22903"}],"version-history":[{"count":1,"href":"http:\/\/noticiastelered.com\/PortalDNoticias\/wp-json\/wp\/v2\/posts\/22903\/revisions"}],"predecessor-version":[{"id":22906,"href":"http:\/\/noticiastelered.com\/PortalDNoticias\/wp-json\/wp\/v2\/posts\/22903\/revisions\/22906"}],"wp:featuredmedia":[{"embeddable":true,"href":"http:\/\/noticiastelered.com\/PortalDNoticias\/wp-json\/wp\/v2\/media\/22905"}],"wp:attachment":[{"href":"http:\/\/noticiastelered.com\/PortalDNoticias\/wp-json\/wp\/v2\/media?parent=22903"}],"wp:term":[{"taxonomy":"category","embeddable":true,"href":"http:\/\/noticiastelered.com\/PortalDNoticias\/wp-json\/wp\/v2\/categories?post=22903"},{"taxonomy":"post_tag","embeddable":true,"href":"http:\/\/noticiastelered.com\/PortalDNoticias\/wp-json\/wp\/v2\/tags?post=22903"}],"curies":[{"name":"wp","href":"https:\/\/api.w.org\/{rel}","templated":true}]}}