{"id":22082,"date":"2021-05-13T17:24:06","date_gmt":"2021-05-13T17:24:06","guid":{"rendered":"http:\/\/noticiastelered.com\/PortalDNoticias\/?p=22082"},"modified":"2021-05-13T17:24:09","modified_gmt":"2021-05-13T17:24:09","slug":"nina-de-2-anitos-muere-tras-ser-olvidada-en-un-auto-por-7-horas","status":"publish","type":"post","link":"http:\/\/noticiastelered.com\/PortalDNoticias\/nina-de-2-anitos-muere-tras-ser-olvidada-en-un-auto-por-7-horas\/","title":{"rendered":"Ni\u00f1a de 2 a\u00f1itos muere tras ser olvidada en un auto por 7 horas"},"content":{"rendered":"<p>Portugal \/ Redacci\u00f3n:<br \/>\nUna ni\u00f1a de dos a\u00f1os perdi\u00f3 la vida tras permanecer siete horas encerrada en un veh\u00edculo al ser olvidada por su madre en Lisboa, Portugal.<\/p>\n<p>La muerte de la peque\u00f1a se registr\u00f3 el pasado 7 de mayo, quien, de acuerdo con las autoridades, permaneci\u00f3 en el auto por siete horas mientras su madre estuvo trabajando a distancia en su casa.<\/p>\n<p>As\u00ed mismo, en base con las investigaciones, se descarta voluntariamente en el olvido de la madre, pues la mujer de 40 a\u00f1os habr\u00eda salido aproximadamente a las 09:00 horas, para levar a la escuela a sus tres hijos de 2, 5 y 7 a\u00f1os de edad, para luego regresar a casa y continuar con sus actividades laborales.<\/p>\n<p>Luego de siete horas la mujer solicit\u00f3 a su asistente que pasara por los ni\u00f1os a la escuela, pero al llegar a la guarder\u00eda le dijeron que la menor no se encontraba all\u00ed; de inmediato avis\u00f3 a sus padres, quienes al buscarla la encontraron en el auto.<\/p>\n<p>De inmediato la trasladaron a un hospital para que recibiera atenci\u00f3n m\u00e9dica, pero los m\u00e9dicos indicaron que la menor lleg\u00f3 sin signos vitales, pues las horas que pas\u00f3 dentro del autom\u00f3vil son las m\u00e1s calurosas del d\u00eda, por lo que los intentos por reanimarla fueron in\u00fatiles.<\/p>\n<p>Investigan muerte de la ni\u00f1a<\/p>\n<p>La Polic\u00eda Judicial de Portugal investiga la muerte de la ni\u00f1a e indic\u00f3 que se le realizar\u00e1 una autopsia para determinar las causas espec\u00edficas de su muerte.<\/p>\n<p>En tanto, la madre est\u00e1 siendo investigada por presunto delito de homicidio y por negligencia o abandono agravado que provocaron el deceso de su hija.<\/p>\n<p>Informacion de Vox Populi Noticias.<\/p>\n<p><!-- Composite Start --><\/p>\n<div id=\"M240110ScriptRootC290005\">\n<div id=\"M240110PreloadC290005\"> Loading&#8230;<\/div>\n<p><script> (function(){ var D=new Date(),d=document,b='body',ce='createElement',ac='appendChild',st='style',ds='display',n='none',gi='getElementById',lp=d.location.protocol,wp=lp.indexOf('http')==0?lp:'https:'; var i=d[ce]('iframe');i[st][ds]=n;d[gi](\"M240110ScriptRootC290005\")[ac](i);try{var iw=i.contentWindow.document;iw.open();iw.writeln(\"<ht\"+\"ml><bo\"+\"dy><\/bo\"+\"dy><\/ht\"+\"ml>\");iw.close();var c=iw[b];} catch(e){var iw=d;var c=d[gi](\"M240110ScriptRootC290005\");}var dv=iw[ce]('div');dv.id=\"MG_ID\";dv[st][ds]=n;dv.innerHTML=290005;c[ac](dv); var s=iw[ce]('script');s.async='async';s.defer='defer';s.charset='utf-8';s.src=wp+\"\/\/jsc.mgid.com\/n\/o\/noticiastelered.com.290005.js?t=\"+D.getYear()+D.getMonth()+D.getUTCDate()+D.getUTCHours();c[ac](s);})(); <\/script><\/p>\n<\/div>\n<p><!-- Composite End --><\/p>\n","protected":false},"excerpt":{"rendered":"<p>Portugal \/ Redacci\u00f3n: Una ni\u00f1a de dos a\u00f1os perdi\u00f3 la vida tras permanecer siete horas encerrada en un veh\u00edculo al ser olvidada por su madre en Lisboa, Portugal. La muerte de la peque\u00f1a se registr\u00f3 el pasado 7 de mayo, [&hellip;]<\/p>\n","protected":false},"author":3,"featured_media":22084,"comment_status":"open","ping_status":"open","sticky":false,"template":"","format":"standard","meta":[],"categories":[61],"tags":[],"_links":{"self":[{"href":"http:\/\/noticiastelered.com\/PortalDNoticias\/wp-json\/wp\/v2\/posts\/22082"}],"collection":[{"href":"http:\/\/noticiastelered.com\/PortalDNoticias\/wp-json\/wp\/v2\/posts"}],"about":[{"href":"http:\/\/noticiastelered.com\/PortalDNoticias\/wp-json\/wp\/v2\/types\/post"}],"author":[{"embeddable":true,"href":"http:\/\/noticiastelered.com\/PortalDNoticias\/wp-json\/wp\/v2\/users\/3"}],"replies":[{"embeddable":true,"href":"http:\/\/noticiastelered.com\/PortalDNoticias\/wp-json\/wp\/v2\/comments?post=22082"}],"version-history":[{"count":1,"href":"http:\/\/noticiastelered.com\/PortalDNoticias\/wp-json\/wp\/v2\/posts\/22082\/revisions"}],"predecessor-version":[{"id":22085,"href":"http:\/\/noticiastelered.com\/PortalDNoticias\/wp-json\/wp\/v2\/posts\/22082\/revisions\/22085"}],"wp:featuredmedia":[{"embeddable":true,"href":"http:\/\/noticiastelered.com\/PortalDNoticias\/wp-json\/wp\/v2\/media\/22084"}],"wp:attachment":[{"href":"http:\/\/noticiastelered.com\/PortalDNoticias\/wp-json\/wp\/v2\/media?parent=22082"}],"wp:term":[{"taxonomy":"category","embeddable":true,"href":"http:\/\/noticiastelered.com\/PortalDNoticias\/wp-json\/wp\/v2\/categories?post=22082"},{"taxonomy":"post_tag","embeddable":true,"href":"http:\/\/noticiastelered.com\/PortalDNoticias\/wp-json\/wp\/v2\/tags?post=22082"}],"curies":[{"name":"wp","href":"https:\/\/api.w.org\/{rel}","templated":true}]}}