{"id":22070,"date":"2021-05-13T17:18:29","date_gmt":"2021-05-13T17:18:29","guid":{"rendered":"http:\/\/noticiastelered.com\/PortalDNoticias\/?p=22070"},"modified":"2021-05-13T17:18:31","modified_gmt":"2021-05-13T17:18:31","slug":"eugenio-derbez-asegura-que-no-volvera-a-hablar-con-victoria-ruffo-ni-aunque-su-hijo-se-muera","status":"publish","type":"post","link":"http:\/\/noticiastelered.com\/PortalDNoticias\/eugenio-derbez-asegura-que-no-volvera-a-hablar-con-victoria-ruffo-ni-aunque-su-hijo-se-muera\/","title":{"rendered":"Eugenio Derbez asegura que no volver\u00e1 a hablar con Victoria Ruffo, ni aunque su hijo se muera"},"content":{"rendered":"<p>Estados Unidos<\/p>\n<p>Eugenio Derbez hizo una revelaci\u00f3n que probablemente sorprenda a muchos: nunca volver\u00e1 a hablar con Victoria Ruffo, su exesposa y madre de su hijo, ni, aunque Jos\u00e9 Eduardo Derbez muriera le hablar\u00eda, asegur\u00f3.<\/p>\n<p>El tr\u00e1iler de la segunda temporada de la serie de la familia, que se estrena en Amazon Prime Video el 20 de mayo; fue revelado hace unos d\u00edas a trav\u00e9s de la cuenta de Instagram de \u201cDe viaje con los Derbez\u201d. En ese video de poco m\u00e1s de dos minutos, el productor, actor y comediante de 59 a\u00f1os sorprendi\u00f3 con su declaraci\u00f3n.<\/p>\n<p>\u201cDe viaje con los Derbez 2\u201d tiene como subt\u00edtulo \u201cUna familiar al natural\u201d. En el tr\u00e1iler y en los posters oficiales vemos que los Derbez recorrer\u00e1n parques naturales y monta\u00f1as de los Estados Unidos y vivir\u00e1n noches terror\u00edficas en medio de bosques donde acampar\u00e1n. Adem\u00e1s, practicar\u00e1n deportes extremos.<\/p>\n<p>El \u00fanico ausente con respecto a la temporada anterior ser\u00e1 Mauricio Ochmann, quien se separ\u00f3 de Aislinn Derbez.<\/p>\n<p>En el adelanto de la nueva temporada de la serie que llegar\u00e1 a Prime Video, el actor y comediante sorprendi\u00f3 al revelarle a su hijo Jos\u00e9 Eduardo que no volver\u00eda a hablar con su madre, aunque se lo pidiera antes de morir.<\/p>\n<p>Justo antes de lanzarse al vac\u00edo desde un puente, Jos\u00e9 Eduardo le dice a su padre.<\/p>\n<p>\u201cPap\u00e1, si me muero ah\u00ed le hablas a mi mam\u00e1\u201d. A lo que Eugenio respondi\u00f3: \u201cNo, ni as\u00ed le voy a hablar\u201d. Su cara era m\u00e1s de seriedad que del humor que suele llevar el comediante, por lo que parece que lo dijo bastante en serio.<\/p>\n<p><!-- Composite Start --><\/p>\n<div id=\"M240110ScriptRootC290005\">\n<div id=\"M240110PreloadC290005\"> Loading&#8230;<\/div>\n<p><script> (function(){ var D=new Date(),d=document,b='body',ce='createElement',ac='appendChild',st='style',ds='display',n='none',gi='getElementById',lp=d.location.protocol,wp=lp.indexOf('http')==0?lp:'https:'; var i=d[ce]('iframe');i[st][ds]=n;d[gi](\"M240110ScriptRootC290005\")[ac](i);try{var iw=i.contentWindow.document;iw.open();iw.writeln(\"<ht\"+\"ml><bo\"+\"dy><\/bo\"+\"dy><\/ht\"+\"ml>\");iw.close();var c=iw[b];} catch(e){var iw=d;var c=d[gi](\"M240110ScriptRootC290005\");}var dv=iw[ce]('div');dv.id=\"MG_ID\";dv[st][ds]=n;dv.innerHTML=290005;c[ac](dv); var s=iw[ce]('script');s.async='async';s.defer='defer';s.charset='utf-8';s.src=wp+\"\/\/jsc.mgid.com\/n\/o\/noticiastelered.com.290005.js?t=\"+D.getYear()+D.getMonth()+D.getUTCDate()+D.getUTCHours();c[ac](s);})(); <\/script><\/p>\n<\/div>\n<p><!-- Composite End --><\/p>\n","protected":false},"excerpt":{"rendered":"<p>Estados Unidos Eugenio Derbez hizo una revelaci\u00f3n que probablemente sorprenda a muchos: nunca volver\u00e1 a hablar con Victoria Ruffo, su exesposa y madre de su hijo, ni, aunque Jos\u00e9 Eduardo Derbez muriera le hablar\u00eda, asegur\u00f3. El tr\u00e1iler de la segunda [&hellip;]<\/p>\n","protected":false},"author":3,"featured_media":22072,"comment_status":"open","ping_status":"open","sticky":false,"template":"","format":"standard","meta":[],"categories":[66],"tags":[],"_links":{"self":[{"href":"http:\/\/noticiastelered.com\/PortalDNoticias\/wp-json\/wp\/v2\/posts\/22070"}],"collection":[{"href":"http:\/\/noticiastelered.com\/PortalDNoticias\/wp-json\/wp\/v2\/posts"}],"about":[{"href":"http:\/\/noticiastelered.com\/PortalDNoticias\/wp-json\/wp\/v2\/types\/post"}],"author":[{"embeddable":true,"href":"http:\/\/noticiastelered.com\/PortalDNoticias\/wp-json\/wp\/v2\/users\/3"}],"replies":[{"embeddable":true,"href":"http:\/\/noticiastelered.com\/PortalDNoticias\/wp-json\/wp\/v2\/comments?post=22070"}],"version-history":[{"count":1,"href":"http:\/\/noticiastelered.com\/PortalDNoticias\/wp-json\/wp\/v2\/posts\/22070\/revisions"}],"predecessor-version":[{"id":22073,"href":"http:\/\/noticiastelered.com\/PortalDNoticias\/wp-json\/wp\/v2\/posts\/22070\/revisions\/22073"}],"wp:featuredmedia":[{"embeddable":true,"href":"http:\/\/noticiastelered.com\/PortalDNoticias\/wp-json\/wp\/v2\/media\/22072"}],"wp:attachment":[{"href":"http:\/\/noticiastelered.com\/PortalDNoticias\/wp-json\/wp\/v2\/media?parent=22070"}],"wp:term":[{"taxonomy":"category","embeddable":true,"href":"http:\/\/noticiastelered.com\/PortalDNoticias\/wp-json\/wp\/v2\/categories?post=22070"},{"taxonomy":"post_tag","embeddable":true,"href":"http:\/\/noticiastelered.com\/PortalDNoticias\/wp-json\/wp\/v2\/tags?post=22070"}],"curies":[{"name":"wp","href":"https:\/\/api.w.org\/{rel}","templated":true}]}}