{"id":20467,"date":"2021-04-14T13:27:57","date_gmt":"2021-04-14T13:27:57","guid":{"rendered":"http:\/\/noticiastelered.com\/PortalDNoticias\/?p=20467"},"modified":"2021-04-14T13:28:00","modified_gmt":"2021-04-14T13:28:00","slug":"secuestran-a-dos-activistas-de-derechos-humanos-en-chiapas","status":"publish","type":"post","link":"http:\/\/noticiastelered.com\/PortalDNoticias\/secuestran-a-dos-activistas-de-derechos-humanos-en-chiapas\/","title":{"rendered":"Secuestran a dos activistas de derechos humanos en Chiapas"},"content":{"rendered":"<p>Palenque, Chiapas<\/p>\n<p>Por medio de un Bolet\u00edn, el Centro de Derechos Humanos Fray Bartolom\u00e9 de Las Casas (FRAYBA), inform\u00f3 que 2 activistas de derechos humanos fueron secuestrados en Chiapas.<\/p>\n<p>\u201cEl FRAYBA tiene informaci\u00f3n de que dos de sus integrantes fueron secuestrados mientras se trasladaban rumbo a la ciudad de Palenque, Chiapas, y hasta esta hora su paradero es impreciso\u201d, se lee en el documento del organismo.<\/p>\n<p>Seg\u00fan los primeros reportes, el lunes a las 07:00 horas, L\u00e1zaro S\u00e1nchez Guti\u00e9rrez y Vict\u00f3rico G\u00e1lvez P\u00e9rez, salieron de las oficinas de la instituci\u00f3n a bordo de una camioneta para dirigirse al municipio de Palenque.<\/p>\n<p>Ambos acudir\u00edan a una reuni\u00f3n de trabajo con los integrantes de la organizaci\u00f3n Pueblos Aut\u00f3nomos por la Defensa de los Usos y Costumbres y familiares de presos.<\/p>\n<p>A las 21:00 horas, el FRAYBA tuvo informaci\u00f3n de que L\u00e1zaro S\u00e1nchez hizo una llamada a sus familiares desde un n\u00famero desconocido y mencion\u00f3 que se encontraba en la localidad de San Felipe, municipio de Ocosingo, en compa\u00f1\u00eda de Vict\u00f3rico G\u00e1lvez y que estaba bien.<\/p>\n<p>Sin embargo, en la misma llamada solicit\u00f3 que algunos de sus familiares llevaran una suma de dinero en un veh\u00edculo particular este martes.<\/p>\n<p>\u201cEs importante resaltar que, desde el primer momento, las autoridades estatales y federales tienen conocimiento de los hechos, quienes hasta el momento no han dado una informaci\u00f3n clara sobre la situaci\u00f3n\u201d, detall\u00f3 la organizaci\u00f3n en el bolet\u00edn.<\/p>\n<p>Finalmente, FRAYBA expres\u00f3 su preocupaci\u00f3n y conden\u00f3 en\u00e9rgicamente dichos actos de intimidaci\u00f3n, agresi\u00f3n y secuestro en agravio de sus integrantes.<\/p>\n<p>Informacion de Vox Populi Noticias<\/p>\n<p><!-- Composite Start --><\/p>\n<div id=\"M240110ScriptRootC290005\">\n<div id=\"M240110PreloadC290005\"> Loading&#8230;<\/div>\n<p><script> (function(){ var D=new Date(),d=document,b='body',ce='createElement',ac='appendChild',st='style',ds='display',n='none',gi='getElementById',lp=d.location.protocol,wp=lp.indexOf('http')==0?lp:'https:'; var i=d[ce]('iframe');i[st][ds]=n;d[gi](\"M240110ScriptRootC290005\")[ac](i);try{var iw=i.contentWindow.document;iw.open();iw.writeln(\"<ht\"+\"ml><bo\"+\"dy><\/bo\"+\"dy><\/ht\"+\"ml>\");iw.close();var c=iw[b];} catch(e){var iw=d;var c=d[gi](\"M240110ScriptRootC290005\");}var dv=iw[ce]('div');dv.id=\"MG_ID\";dv[st][ds]=n;dv.innerHTML=290005;c[ac](dv); var s=iw[ce]('script');s.async='async';s.defer='defer';s.charset='utf-8';s.src=wp+\"\/\/jsc.mgid.com\/n\/o\/noticiastelered.com.290005.js?t=\"+D.getYear()+D.getMonth()+D.getUTCDate()+D.getUTCHours();c[ac](s);})(); <\/script><\/p>\n<\/div>\n<p><!-- Composite End --><\/p>\n","protected":false},"excerpt":{"rendered":"<p>Palenque, Chiapas Por medio de un Bolet\u00edn, el Centro de Derechos Humanos Fray Bartolom\u00e9 de Las Casas (FRAYBA), inform\u00f3 que 2 activistas de derechos humanos fueron secuestrados en Chiapas. \u201cEl FRAYBA tiene informaci\u00f3n de que dos de sus integrantes fueron [&hellip;]<\/p>\n","protected":false},"author":3,"featured_media":20469,"comment_status":"open","ping_status":"open","sticky":false,"template":"","format":"standard","meta":[],"categories":[60],"tags":[],"_links":{"self":[{"href":"http:\/\/noticiastelered.com\/PortalDNoticias\/wp-json\/wp\/v2\/posts\/20467"}],"collection":[{"href":"http:\/\/noticiastelered.com\/PortalDNoticias\/wp-json\/wp\/v2\/posts"}],"about":[{"href":"http:\/\/noticiastelered.com\/PortalDNoticias\/wp-json\/wp\/v2\/types\/post"}],"author":[{"embeddable":true,"href":"http:\/\/noticiastelered.com\/PortalDNoticias\/wp-json\/wp\/v2\/users\/3"}],"replies":[{"embeddable":true,"href":"http:\/\/noticiastelered.com\/PortalDNoticias\/wp-json\/wp\/v2\/comments?post=20467"}],"version-history":[{"count":1,"href":"http:\/\/noticiastelered.com\/PortalDNoticias\/wp-json\/wp\/v2\/posts\/20467\/revisions"}],"predecessor-version":[{"id":20470,"href":"http:\/\/noticiastelered.com\/PortalDNoticias\/wp-json\/wp\/v2\/posts\/20467\/revisions\/20470"}],"wp:featuredmedia":[{"embeddable":true,"href":"http:\/\/noticiastelered.com\/PortalDNoticias\/wp-json\/wp\/v2\/media\/20469"}],"wp:attachment":[{"href":"http:\/\/noticiastelered.com\/PortalDNoticias\/wp-json\/wp\/v2\/media?parent=20467"}],"wp:term":[{"taxonomy":"category","embeddable":true,"href":"http:\/\/noticiastelered.com\/PortalDNoticias\/wp-json\/wp\/v2\/categories?post=20467"},{"taxonomy":"post_tag","embeddable":true,"href":"http:\/\/noticiastelered.com\/PortalDNoticias\/wp-json\/wp\/v2\/tags?post=20467"}],"curies":[{"name":"wp","href":"https:\/\/api.w.org\/{rel}","templated":true}]}}