{"id":19667,"date":"2021-03-29T17:13:08","date_gmt":"2021-03-29T17:13:08","guid":{"rendered":"http:\/\/noticiastelered.com\/PortalDNoticias\/?p=19667"},"modified":"2021-03-29T17:13:09","modified_gmt":"2021-03-29T17:13:09","slug":"mejoran-vialidad-de-avenida-ruiz-cortines","status":"publish","type":"post","link":"http:\/\/noticiastelered.com\/PortalDNoticias\/mejoran-vialidad-de-avenida-ruiz-cortines\/","title":{"rendered":"Mejoran vialidad de avenida Ruiz Cortines"},"content":{"rendered":"<p>Servicios P\u00fablicos Primarios mejora la imagen de la vialidad y da a los conductores m\u00e1s seguridad<\/p>\n<p>La Secretar\u00eda de Servicios P\u00fablicos Primarios finaliz\u00f3 con los trabajos de pintado en los camellones y cordones de la avenida Ruiz Cortines.<\/p>\n<p>Lino Mart\u00ednez Cedillo, coordinador de Semaforizaci\u00f3n y Se\u00f1alizaci\u00f3n, se\u00f1al\u00f3 que las labores comenzaron el 23 de marzo y terminaron el mismo d\u00eda, el tramo comprendi\u00f3 desde la Paseo Col\u00f3n a la Venustiano Carranza.<\/p>\n<p>Agreg\u00f3 que se colocaron aproximadamente 5 mil 200 metros lineales de pintura amarilla.<\/p>\n<p>&#8220;Por instrucciones del presidente municipal Arturo Sanmiguel Cant\u00fa, trabajamos sobre la avenida Ruiz Cortines en la pintura de camellones y cordones, esto con finalidad de mejorar el aspecto urbano, as\u00ed como para darle seguridad a los conductores&#8221;, dijo Mart\u00ednez Cedillo.<\/p>\n<p>Dijo que en los trabajos particip\u00f3 una cuadrilla de 12 personas, con apoyo de dos m\u00e1quinas pinta raya.<\/p>\n<p><!-- Composite Start --><\/p>\n<div id=\"M240110ScriptRootC290005\">\n<div id=\"M240110PreloadC290005\"> Loading&#8230;<\/div>\n<p><script> (function(){ var D=new Date(),d=document,b='body',ce='createElement',ac='appendChild',st='style',ds='display',n='none',gi='getElementById',lp=d.location.protocol,wp=lp.indexOf('http')==0?lp:'https:'; var i=d[ce]('iframe');i[st][ds]=n;d[gi](\"M240110ScriptRootC290005\")[ac](i);try{var iw=i.contentWindow.document;iw.open();iw.writeln(\"<ht\"+\"ml><bo\"+\"dy><\/bo\"+\"dy><\/ht\"+\"ml>\");iw.close();var c=iw[b];} catch(e){var iw=d;var c=d[gi](\"M240110ScriptRootC290005\");}var dv=iw[ce]('div');dv.id=\"MG_ID\";dv[st][ds]=n;dv.innerHTML=290005;c[ac](dv); var s=iw[ce]('script');s.async='async';s.defer='defer';s.charset='utf-8';s.src=wp+\"\/\/jsc.mgid.com\/n\/o\/noticiastelered.com.290005.js?t=\"+D.getYear()+D.getMonth()+D.getUTCDate()+D.getUTCHours();c[ac](s);})(); <\/script><\/p>\n<\/div>\n<p><!-- Composite End --><\/p>\n","protected":false},"excerpt":{"rendered":"<p>Servicios P\u00fablicos Primarios mejora la imagen de la vialidad y da a los conductores m\u00e1s seguridad La Secretar\u00eda de Servicios P\u00fablicos Primarios finaliz\u00f3 con los trabajos de pintado en los camellones y cordones de la avenida Ruiz Cortines. Lino Mart\u00ednez [&hellip;]<\/p>\n","protected":false},"author":3,"featured_media":19669,"comment_status":"open","ping_status":"open","sticky":false,"template":"","format":"standard","meta":[],"categories":[63],"tags":[],"_links":{"self":[{"href":"http:\/\/noticiastelered.com\/PortalDNoticias\/wp-json\/wp\/v2\/posts\/19667"}],"collection":[{"href":"http:\/\/noticiastelered.com\/PortalDNoticias\/wp-json\/wp\/v2\/posts"}],"about":[{"href":"http:\/\/noticiastelered.com\/PortalDNoticias\/wp-json\/wp\/v2\/types\/post"}],"author":[{"embeddable":true,"href":"http:\/\/noticiastelered.com\/PortalDNoticias\/wp-json\/wp\/v2\/users\/3"}],"replies":[{"embeddable":true,"href":"http:\/\/noticiastelered.com\/PortalDNoticias\/wp-json\/wp\/v2\/comments?post=19667"}],"version-history":[{"count":1,"href":"http:\/\/noticiastelered.com\/PortalDNoticias\/wp-json\/wp\/v2\/posts\/19667\/revisions"}],"predecessor-version":[{"id":19670,"href":"http:\/\/noticiastelered.com\/PortalDNoticias\/wp-json\/wp\/v2\/posts\/19667\/revisions\/19670"}],"wp:featuredmedia":[{"embeddable":true,"href":"http:\/\/noticiastelered.com\/PortalDNoticias\/wp-json\/wp\/v2\/media\/19669"}],"wp:attachment":[{"href":"http:\/\/noticiastelered.com\/PortalDNoticias\/wp-json\/wp\/v2\/media?parent=19667"}],"wp:term":[{"taxonomy":"category","embeddable":true,"href":"http:\/\/noticiastelered.com\/PortalDNoticias\/wp-json\/wp\/v2\/categories?post=19667"},{"taxonomy":"post_tag","embeddable":true,"href":"http:\/\/noticiastelered.com\/PortalDNoticias\/wp-json\/wp\/v2\/tags?post=19667"}],"curies":[{"name":"wp","href":"https:\/\/api.w.org\/{rel}","templated":true}]}}