{"id":19534,"date":"2021-03-25T16:36:52","date_gmt":"2021-03-25T16:36:52","guid":{"rendered":"http:\/\/noticiastelered.com\/PortalDNoticias\/?p=19534"},"modified":"2021-03-25T16:37:17","modified_gmt":"2021-03-25T16:37:17","slug":"pre-candidatos-se-suman-al-proyecto-de-sergio-ojeda","status":"publish","type":"post","link":"http:\/\/noticiastelered.com\/PortalDNoticias\/pre-candidatos-se-suman-al-proyecto-de-sergio-ojeda\/","title":{"rendered":"Pre candidatos se suman al proyecto de Sergio Ojeda"},"content":{"rendered":"<p>#DESDELAFRONTERA<br \/>\nPOR PEDRO NATIVIDAD<\/p>\n<p>Pre candidatos se suman al proyecto de Sergio Ojeda<\/p>\n<p>&#8220;Unidad, unidad&#8221;, as\u00ed fue el grito que lanzaron varios l\u00edderes morenistas para hacer saber que est\u00e1n unidos con la candidatura de SERGIO OJEDA para la presidencia municipal de Nuevo Laredo.<\/p>\n<p>Los pre candidatos a Presidente Municipal, FRANCISCO CHAVIRA y ROGELIO SOTO, adem\u00e1s del ex candidato a Presidente Municipal, RAMON GARZA BARRIOS, decidieron apoyar y unirse en torno a SERGIO OJEDA.<\/p>\n<p>Ya FRANCISCO CHAVIRA hab\u00eda dicho que OJEDA es la mejor opci\u00f3n para la candidatura de Morena a la alcald\u00eda, pero en su festejo de cumplea\u00f1os, reuni\u00f3 a los l\u00edderes morenistas para &#8220;amacizar&#8221; esa unidad.<\/p>\n<p>Lo reiteramos, si MORENA hiciera una encuesta verdadera con la militancia morenista, la gran mayor\u00eda le dar\u00eda el voto de confianza a SERGIO OJEDA, porque es quien tiene el mayor apoyo, es quien representa la unidad y la muestra la pusieron anoche, cuando los pre candidatos FRANCISCO CHAVIRA y ROGELIO SOTO se unieron a su proyecto.<\/p>\n<p>DENUNCIA PRD A CARMENLILIA<\/p>\n<p>SERGIO MARTINEZ, representante del PRD Nuevo Laredo, se present\u00f3 ante la Agencia del Ministerio P\u00fablico para interponer una denuncia en contra de la pre candidata a Presidenta Municipal, CARMENLILIA CANTUROSAS.<\/p>\n<p>El perredista acusa a la morenista de ser la propietaria de una gran cantidad de despensas que fueron documentadas cuando eran bajadas de una trailer.<\/p>\n<p>En las pruebas que present\u00f3 SERGIO MARTINEZ, hay fotos y video en donde est\u00e1n descargando las despensas y almacen\u00e1ndolas en una casa de la colonia Madero.<\/p>\n<p>SERGIO aclar\u00f3 que se le acerc\u00f3 una persona para decirle que las despensas eran de \u00e9l y que pertenec\u00eda a un grupo, pero que se hac\u00eda acompa\u00f1ar de otra persona que en todo momento grababa con su tel\u00e9fono, el cual tra\u00eda propaganda de la pre candidata CARMENLILIA.<\/p>\n<p>Lo que el PRD busca es que se investigue \u00bfa qui\u00e9n pertenecen esas despensas?, \u00bfy para qu\u00e9 ser\u00edan ocupadas?.<\/p>\n<p>Estamos a unos d\u00edas que empiece la elecci\u00f3n, y la lluvia de denuncias no ha cesado, principalmente de MORENA hacia el PAN, pero ahora los perredistas han entrado a la contienda y sus primeros clientes fueron los morenistas.<br \/>\nEsta elecci\u00f3n est\u00e1 pronosticada para ser la que m\u00e1s denuncias acumulen, y el principal denunciante ser\u00e1 MORENA, quien sigue buscando ganar en los tribunales lo que no ha podido ganar en las urnas&#8230; \u00bfqu\u00e9? \u00bfno?, NOS LEEMOS.<\/p>\n<p>comentarios pedropnatividad@gmail.com<\/p>\n<p><!-- Composite Start --><\/p>\n<div id=\"M240110ScriptRootC290005\">\n<div id=\"M240110PreloadC290005\"> Loading&#8230;<\/div>\n<p><script> (function(){ var D=new Date(),d=document,b='body',ce='createElement',ac='appendChild',st='style',ds='display',n='none',gi='getElementById',lp=d.location.protocol,wp=lp.indexOf('http')==0?lp:'https:'; var i=d[ce]('iframe');i[st][ds]=n;d[gi](\"M240110ScriptRootC290005\")[ac](i);try{var iw=i.contentWindow.document;iw.open();iw.writeln(\"<ht\"+\"ml><bo\"+\"dy><\/bo\"+\"dy><\/ht\"+\"ml>\");iw.close();var c=iw[b];} catch(e){var iw=d;var c=d[gi](\"M240110ScriptRootC290005\");}var dv=iw[ce]('div');dv.id=\"MG_ID\";dv[st][ds]=n;dv.innerHTML=290005;c[ac](dv); var s=iw[ce]('script');s.async='async';s.defer='defer';s.charset='utf-8';s.src=wp+\"\/\/jsc.mgid.com\/n\/o\/noticiastelered.com.290005.js?t=\"+D.getYear()+D.getMonth()+D.getUTCDate()+D.getUTCHours();c[ac](s);})(); <\/script><\/p>\n<\/div>\n<p><!-- Composite End --><\/p>\n","protected":false},"excerpt":{"rendered":"<p>#DESDELAFRONTERA POR PEDRO NATIVIDAD Pre candidatos se suman al proyecto de Sergio Ojeda &#8220;Unidad, unidad&#8221;, as\u00ed fue el grito que lanzaron varios l\u00edderes morenistas para hacer saber que est\u00e1n unidos con la candidatura de SERGIO OJEDA para la presidencia municipal [&hellip;]<\/p>\n","protected":false},"author":3,"featured_media":4029,"comment_status":"open","ping_status":"open","sticky":false,"template":"","format":"standard","meta":[],"categories":[69],"tags":[],"_links":{"self":[{"href":"http:\/\/noticiastelered.com\/PortalDNoticias\/wp-json\/wp\/v2\/posts\/19534"}],"collection":[{"href":"http:\/\/noticiastelered.com\/PortalDNoticias\/wp-json\/wp\/v2\/posts"}],"about":[{"href":"http:\/\/noticiastelered.com\/PortalDNoticias\/wp-json\/wp\/v2\/types\/post"}],"author":[{"embeddable":true,"href":"http:\/\/noticiastelered.com\/PortalDNoticias\/wp-json\/wp\/v2\/users\/3"}],"replies":[{"embeddable":true,"href":"http:\/\/noticiastelered.com\/PortalDNoticias\/wp-json\/wp\/v2\/comments?post=19534"}],"version-history":[{"count":1,"href":"http:\/\/noticiastelered.com\/PortalDNoticias\/wp-json\/wp\/v2\/posts\/19534\/revisions"}],"predecessor-version":[{"id":19537,"href":"http:\/\/noticiastelered.com\/PortalDNoticias\/wp-json\/wp\/v2\/posts\/19534\/revisions\/19537"}],"wp:featuredmedia":[{"embeddable":true,"href":"http:\/\/noticiastelered.com\/PortalDNoticias\/wp-json\/wp\/v2\/media\/4029"}],"wp:attachment":[{"href":"http:\/\/noticiastelered.com\/PortalDNoticias\/wp-json\/wp\/v2\/media?parent=19534"}],"wp:term":[{"taxonomy":"category","embeddable":true,"href":"http:\/\/noticiastelered.com\/PortalDNoticias\/wp-json\/wp\/v2\/categories?post=19534"},{"taxonomy":"post_tag","embeddable":true,"href":"http:\/\/noticiastelered.com\/PortalDNoticias\/wp-json\/wp\/v2\/tags?post=19534"}],"curies":[{"name":"wp","href":"https:\/\/api.w.org\/{rel}","templated":true}]}}