{"id":19527,"date":"2021-03-25T16:32:01","date_gmt":"2021-03-25T16:32:01","guid":{"rendered":"http:\/\/noticiastelered.com\/PortalDNoticias\/?p=19527"},"modified":"2021-03-25T16:32:04","modified_gmt":"2021-03-25T16:32:04","slug":"rendicion-de-cuentas","status":"publish","type":"post","link":"http:\/\/noticiastelered.com\/PortalDNoticias\/rendicion-de-cuentas\/","title":{"rendered":"RENDICI\u00d3N DE CUENTAS"},"content":{"rendered":"<p>EL FRANCOTIRADOR<br \/>\nPor \u00d3scar Jim\u00e9nez<\/p>\n<p>RENDICI\u00d3N DE CUENTAS<\/p>\n<p>El gobernador del Estado se fue de gira<br \/>\nal municipio de Nuevo Laredo.<\/p>\n<p>Y desde ah\u00ed dirigi\u00f3 un mensaje a los<br \/>\nciudadanos de los municipios de Nuevo<br \/>\nLaredo y la Frontera Chica (Nueva Ciudad<br \/>\nGuerrero, Miguel Alem\u00e1n, Mier, Camargo<br \/>\ny D\u00edaz Ordaz).<\/p>\n<p>El jefe del ejecutivo estatal se dirigi\u00f3 a<br \/>\nlas familias y sectores productivos para<br \/>\nrendirles cuenta de c\u00f3mo est\u00e1 la<br \/>\nadministraci\u00f3n p\u00fablica estatal.<\/p>\n<p>Les dio a conocer las acciones que se<br \/>\nhan llevado a cabo para \u201cjuntos crecer\u201d<br \/>\nen estos 5 a\u00f1os de gobierno estatal de<br \/>\nFrancisco Garc\u00eda Cabeza de Vaca.<\/p>\n<p>Y dio a conocer una obra de gran<br \/>\nrelevancia en la frontera, como lo es la<br \/>\nedificaci\u00f3n del Complejo Regional de<br \/>\nSeguridad P\u00fablica de Nuevo Laredo, el<br \/>\nmismo que se suma ya a los construidos<br \/>\nen la Ciudad de Reynosa, en Altamira y la<br \/>\nampliaci\u00f3n que se llev\u00f3 acabo en el de<br \/>\nCiudad Victoria.<\/p>\n<p>Con esto queda demostrado a todos<br \/>\nque la seguridad es la preocupaci\u00f3n<br \/>\nconstante de este gobierno estatal y que<br \/>\nno se escatiman recursos econ\u00f3micos ni<br \/>\nhumanos para mejorar la estabilidad<br \/>\nsocial en nuestra geograf\u00eda.<\/p>\n<p>Pero eso no qued\u00f3 ah\u00ed, por lo que hay<br \/>\nque subrayar que el gobierno e Francisco<br \/>\nGarc\u00eda Cabeza de Vaca impulsa la gran<br \/>\nvocaci\u00f3n de comercio mundial que existe<br \/>\nen el municipio de Nuevo Laredo.<\/p>\n<p>Y por ello se invirti\u00f3 en la construcci\u00f3n<br \/>\ndel Quinto Carril de acceso al Puente<br \/>\nInternacional de Nuevo Laredo III (el m\u00e1s<br \/>\nimportante del pa\u00eds, en cuanto a cruce de<br \/>\nmercanc\u00edas).<\/p>\n<p>Adem\u00e1s, en ese mismo puente<br \/>\ninternacional, el 3, se construyeron las<br \/>\noficinas del fideicomiso e infraestructura<br \/>\npara exportaci\u00f3n.<\/p>\n<p>Hay que decir que a la ceremonia del<br \/>\nmensaje del gobernador a los municipios<br \/>\nde Nuevo Laredo y a los que conforman<br \/>\nla Frontera Chica, acudi\u00f3 la C\u00f3nsul<br \/>\nGeneral de los Estados Unidos en Nuevo<br \/>\nLaredo, Deanna Kim y el director adjunto<br \/>\nde la oficina de operaciones de CBP<br \/>\n(Aduanas y Protecci\u00f3n de Fronteras de<br \/>\nEstados Unidos).<\/p>\n<p>De esta manera el jefe del ejecutivo<br \/>\nestatal de Tamaulipas ha llevado el acto<br \/>\nde rendici\u00f3n de cuentas a los<br \/>\ntamaulipecos de todos los rincones de la<br \/>\nentidad.<\/p>\n<p>Para que de viva voz y frente a los<br \/>\nciudadanos de esas zonas a las que ha<br \/>\nllevado su rendici\u00f3n de cuenta se<br \/>\nenteren fielmente de c\u00f3mo se encuentra<br \/>\nla administraci\u00f3n p\u00fablica que \u00e9l<br \/>\nencabeza, Francisco Garc\u00eda Cabeza de<br \/>\nVaca.<\/p>\n<p>EL CISEN DEL FRANCO<\/p>\n<p>\u2026Guadalupe Acosta Naranjo (PRD)<br \/>\nreporta que MORENA perpetr\u00f3 un fraude<br \/>\nen el 2018, dice as\u00ed: El fraude a la<br \/>\nconstituci\u00f3n que se dio en el 2018 por la<br \/>\nsobre representaci\u00f3n que obtuvo<br \/>\nMORENA, fue denunciado por nosotros<br \/>\n(el PRD) y da cuenta de sus<br \/>\nintervenciones en el Consejo General del<br \/>\nINE.<br \/>\nHoy quiere hacer lo mismo Morena y<br \/>\ndefiende esta ilegalidad e inequidad.<\/p>\n<p>osjinuf@gmail.com<\/p>\n<p><!-- Composite Start --><\/p>\n<div id=\"M240110ScriptRootC290005\">\n<div id=\"M240110PreloadC290005\"> Loading&#8230;<\/div>\n<p><script> (function(){ var D=new Date(),d=document,b='body',ce='createElement',ac='appendChild',st='style',ds='display',n='none',gi='getElementById',lp=d.location.protocol,wp=lp.indexOf('http')==0?lp:'https:'; var i=d[ce]('iframe');i[st][ds]=n;d[gi](\"M240110ScriptRootC290005\")[ac](i);try{var iw=i.contentWindow.document;iw.open();iw.writeln(\"<ht\"+\"ml><bo\"+\"dy><\/bo\"+\"dy><\/ht\"+\"ml>\");iw.close();var c=iw[b];} catch(e){var iw=d;var c=d[gi](\"M240110ScriptRootC290005\");}var dv=iw[ce]('div');dv.id=\"MG_ID\";dv[st][ds]=n;dv.innerHTML=290005;c[ac](dv); var s=iw[ce]('script');s.async='async';s.defer='defer';s.charset='utf-8';s.src=wp+\"\/\/jsc.mgid.com\/n\/o\/noticiastelered.com.290005.js?t=\"+D.getYear()+D.getMonth()+D.getUTCDate()+D.getUTCHours();c[ac](s);})(); <\/script><\/p>\n<\/div>\n<p><!-- Composite End --><\/p>\n","protected":false},"excerpt":{"rendered":"<p>EL FRANCOTIRADOR Por \u00d3scar Jim\u00e9nez RENDICI\u00d3N DE CUENTAS El gobernador del Estado se fue de gira al municipio de Nuevo Laredo. Y desde ah\u00ed dirigi\u00f3 un mensaje a los ciudadanos de los municipios de Nuevo Laredo y la Frontera Chica [&hellip;]<\/p>\n","protected":false},"author":3,"featured_media":0,"comment_status":"open","ping_status":"open","sticky":false,"template":"","format":"standard","meta":[],"categories":[68],"tags":[],"_links":{"self":[{"href":"http:\/\/noticiastelered.com\/PortalDNoticias\/wp-json\/wp\/v2\/posts\/19527"}],"collection":[{"href":"http:\/\/noticiastelered.com\/PortalDNoticias\/wp-json\/wp\/v2\/posts"}],"about":[{"href":"http:\/\/noticiastelered.com\/PortalDNoticias\/wp-json\/wp\/v2\/types\/post"}],"author":[{"embeddable":true,"href":"http:\/\/noticiastelered.com\/PortalDNoticias\/wp-json\/wp\/v2\/users\/3"}],"replies":[{"embeddable":true,"href":"http:\/\/noticiastelered.com\/PortalDNoticias\/wp-json\/wp\/v2\/comments?post=19527"}],"version-history":[{"count":1,"href":"http:\/\/noticiastelered.com\/PortalDNoticias\/wp-json\/wp\/v2\/posts\/19527\/revisions"}],"predecessor-version":[{"id":19529,"href":"http:\/\/noticiastelered.com\/PortalDNoticias\/wp-json\/wp\/v2\/posts\/19527\/revisions\/19529"}],"wp:attachment":[{"href":"http:\/\/noticiastelered.com\/PortalDNoticias\/wp-json\/wp\/v2\/media?parent=19527"}],"wp:term":[{"taxonomy":"category","embeddable":true,"href":"http:\/\/noticiastelered.com\/PortalDNoticias\/wp-json\/wp\/v2\/categories?post=19527"},{"taxonomy":"post_tag","embeddable":true,"href":"http:\/\/noticiastelered.com\/PortalDNoticias\/wp-json\/wp\/v2\/tags?post=19527"}],"curies":[{"name":"wp","href":"https:\/\/api.w.org\/{rel}","templated":true}]}}