{"id":19438,"date":"2021-03-23T21:36:26","date_gmt":"2021-03-23T21:36:26","guid":{"rendered":"http:\/\/noticiastelered.com\/PortalDNoticias\/?p=19438"},"modified":"2021-03-23T21:36:28","modified_gmt":"2021-03-23T21:36:28","slug":"se-acabaron-las-vacunas-se-suspende-vacunacion-hasta-nuevo-aviso","status":"publish","type":"post","link":"http:\/\/noticiastelered.com\/PortalDNoticias\/se-acabaron-las-vacunas-se-suspende-vacunacion-hasta-nuevo-aviso\/","title":{"rendered":"\u00a1SE ACABARON LAS VACUNAS! Se suspende vacunaci\u00f3n hasta nuevo aviso"},"content":{"rendered":"\n<p>Redacci\u00f3n<br>Noticias Telered <br>NUEVO LAREDO.- La aplicaci\u00f3n de la vacuna en Nuevo Laredo se podr\u00e1 en pausa a partir de este mi\u00e9rcoles y se podr\u00eda &nbsp;reanudar&nbsp;el s\u00e1bado o domingo de esta misma semana.<br><br>Gast\u00f3n Herrera, subdelegado de la Secretar\u00eda de Bienestar en Nuevo Laredo, coment\u00f3 que de acuerdo a las indicaciones emitidas por el Presidente de la Rep\u00fablica Andr\u00e9s Manuel L\u00f3pez Obrador, la campa\u00f1a de vacunaci\u00f3n contra el Covid-19 se suspender\u00e1 los d\u00edas mi\u00e9rcoles, jueves y viernes y se reanudar\u00e1 hasta el domingo.<\/p>\n\n\n\n<p>\u201cEl d\u00eda de hoy es el d\u00eda en el que estamos esperando indicaciones, ya que los d\u00edas mi\u00e9rcoles, jueves y viernes, se suspender\u00e1 la vacunaci\u00f3n para reiniciarla posteriormente el domingo\u201d, coment\u00f3.<\/p>\n\n\n\n<p>Se\u00f1al\u00f3 que estar\u00e1n vacunando este martes hasta agotar existencias, ya que en Nuevo Laredo aun se tienen alrededor de 5 mil vacunas, es por ello que se est\u00e1 exhortando a las personas para que se acerquen a recibir su biol\u00f3gico en alguna de las tres sedes con las que se cuentan en la ciudad.<\/p>\n\n\n\n<p>\u201cHay suficientes vacunas, as\u00ed que a quienes les toque de la letra N a la R y de la S a la Z y que tengan sus documentos listos, copia del CURP, comprobante de domicilio y el n\u00famero de folio, pueden acercarse al Polyforum, cl\u00ednica 78 o en Expomex\u201d, culmin\u00f3.<\/p>\n\n\n\n<p>Este martes se ha registrado hasta el momento poca afluencia, es por eso que se hace el llamado a los adultos mayores para que acudan hoy hasta las 6 de la tarde.<\/p>\n\n\n\n<p>Por \u00faltimo dijo que el d\u00eda viernes llegar\u00e1n m\u00e1s vacunas a Ciudad Victoria v\u00eda a\u00e9rea y posteriormente se distribuir\u00e1n desde temprana hora en los municipios, por lo que se espera que el s\u00e1bado por la ma\u00f1ana se reciba el biol\u00f3gico y se reinicie su aplicaci\u00f3n nuevamente el d\u00eda domingo.<\/p>\n\n\n<p><!-- Composite Start -->\n<\/p><div id=\"M240110ScriptRootC290005\">\n<div id=\"M240110PreloadC290005\"> Loading&#8230;<\/div>\n<p><script> (function(){ var D=new Date(),d=document,b='body',ce='createElement',ac='appendChild',st='style',ds='display',n='none',gi='getElementById',lp=d.location.protocol,wp=lp.indexOf('http')==0?lp:'https:'; var i=d[ce]('iframe');i[st][ds]=n;d[gi](\"M240110ScriptRootC290005\")[ac](i);try{var iw=i.contentWindow.document;iw.open();iw.writeln(\"<ht\"+\"ml><bo\"+\"dy><\/bo\"+\"dy><\/ht\"+\"ml>\");iw.close();var c=iw[b];} catch(e){var iw=d;var c=d[gi](\"M240110ScriptRootC290005\");}var dv=iw[ce]('div');dv.id=\"MG_ID\";dv[st][ds]=n;dv.innerHTML=290005;c[ac](dv); var s=iw[ce]('script');s.async='async';s.defer='defer';s.charset='utf-8';s.src=wp+\"\/\/jsc.mgid.com\/n\/o\/noticiastelered.com.290005.js?t=\"+D.getYear()+D.getMonth()+D.getUTCDate()+D.getUTCHours();c[ac](s);})(); <\/script><\/p>\n<\/div>\n<p><!-- Composite End --><\/p>","protected":false},"excerpt":{"rendered":"<p>Redacci\u00f3nNoticias Telered NUEVO LAREDO.- La aplicaci\u00f3n de la vacuna en Nuevo Laredo se podr\u00e1 en pausa a partir de este mi\u00e9rcoles y se podr\u00eda &nbsp;reanudar&nbsp;el s\u00e1bado o domingo de esta misma semana. Gast\u00f3n Herrera, subdelegado de la Secretar\u00eda de Bienestar [&hellip;]<\/p>\n","protected":false},"author":2,"featured_media":19316,"comment_status":"open","ping_status":"open","sticky":false,"template":"","format":"standard","meta":[],"categories":[64,60,63,59],"tags":[],"_links":{"self":[{"href":"http:\/\/noticiastelered.com\/PortalDNoticias\/wp-json\/wp\/v2\/posts\/19438"}],"collection":[{"href":"http:\/\/noticiastelered.com\/PortalDNoticias\/wp-json\/wp\/v2\/posts"}],"about":[{"href":"http:\/\/noticiastelered.com\/PortalDNoticias\/wp-json\/wp\/v2\/types\/post"}],"author":[{"embeddable":true,"href":"http:\/\/noticiastelered.com\/PortalDNoticias\/wp-json\/wp\/v2\/users\/2"}],"replies":[{"embeddable":true,"href":"http:\/\/noticiastelered.com\/PortalDNoticias\/wp-json\/wp\/v2\/comments?post=19438"}],"version-history":[{"count":1,"href":"http:\/\/noticiastelered.com\/PortalDNoticias\/wp-json\/wp\/v2\/posts\/19438\/revisions"}],"predecessor-version":[{"id":19442,"href":"http:\/\/noticiastelered.com\/PortalDNoticias\/wp-json\/wp\/v2\/posts\/19438\/revisions\/19442"}],"wp:featuredmedia":[{"embeddable":true,"href":"http:\/\/noticiastelered.com\/PortalDNoticias\/wp-json\/wp\/v2\/media\/19316"}],"wp:attachment":[{"href":"http:\/\/noticiastelered.com\/PortalDNoticias\/wp-json\/wp\/v2\/media?parent=19438"}],"wp:term":[{"taxonomy":"category","embeddable":true,"href":"http:\/\/noticiastelered.com\/PortalDNoticias\/wp-json\/wp\/v2\/categories?post=19438"},{"taxonomy":"post_tag","embeddable":true,"href":"http:\/\/noticiastelered.com\/PortalDNoticias\/wp-json\/wp\/v2\/tags?post=19438"}],"curies":[{"name":"wp","href":"https:\/\/api.w.org\/{rel}","templated":true}]}}