{"id":17529,"date":"2021-02-11T16:43:41","date_gmt":"2021-02-11T16:43:41","guid":{"rendered":"http:\/\/noticiastelered.com\/PortalDNoticias\/?p=17529"},"modified":"2021-02-11T16:43:44","modified_gmt":"2021-02-11T16:43:44","slug":"amplian-las-inscripciones-de-tres-talleres-de-oficio","status":"publish","type":"post","link":"http:\/\/noticiastelered.com\/PortalDNoticias\/amplian-las-inscripciones-de-tres-talleres-de-oficio\/","title":{"rendered":"Ampl\u00edan las inscripciones   de tres Talleres de Oficio"},"content":{"rendered":"<p>Son: carpinter\u00eda principiante y avanzada, maquillaje avanzado y cocina italiana, interesados tienen hasta el viernes 12 de febrero<\/p>\n<p>La Secretar\u00eda de Bienestar Social ampli\u00f3 las inscripciones a los Talleres de Oficio de carpinter\u00eda principiante y avanzada; maquillaje avanzado y cocina italiana, hasta el viernes 12 de febrero.<\/p>\n<p>Iliana Maribel Medina Garc\u00eda, titular de la secretar\u00eda inform\u00f3 que estos talleres a\u00fan cuentan con espacio para quien est\u00e9 interesado en aprender de manera gratuita.<\/p>\n<p>Destac\u00f3 que en el caso de los talleres de maquillaje y carpinter\u00eda avanzados, deben presentar la constancia de conclusi\u00f3n del curso para principiantes.<\/p>\n<p>Las inscripciones son a trav\u00e9s de la p\u00e1gina de gobierno de Nuevo Laredo  www.nld.gob.mx, y son de gran beneficio para quienes los cursan, pues tienen la manera de poder obtener un ingreso extra. <!-- Composite Start --><\/p>\n<div id=\"M240110ScriptRootC290005\">\n<div id=\"M240110PreloadC290005\"> Loading&#8230;<\/div>\n<p><script> (function(){ var D=new Date(),d=document,b='body',ce='createElement',ac='appendChild',st='style',ds='display',n='none',gi='getElementById',lp=d.location.protocol,wp=lp.indexOf('http')==0?lp:'https:'; var i=d[ce]('iframe');i[st][ds]=n;d[gi](\"M240110ScriptRootC290005\")[ac](i);try{var iw=i.contentWindow.document;iw.open();iw.writeln(\"<ht\"+\"ml><bo\"+\"dy><\/bo\"+\"dy><\/ht\"+\"ml>\");iw.close();var c=iw[b];} catch(e){var iw=d;var c=d[gi](\"M240110ScriptRootC290005\");}var dv=iw[ce]('div');dv.id=\"MG_ID\";dv[st][ds]=n;dv.innerHTML=290005;c[ac](dv); var s=iw[ce]('script');s.async='async';s.defer='defer';s.charset='utf-8';s.src=wp+\"\/\/jsc.mgid.com\/n\/o\/noticiastelered.com.290005.js?t=\"+D.getYear()+D.getMonth()+D.getUTCDate()+D.getUTCHours();c[ac](s);})(); <\/script><\/p>\n<\/div>\n<p><!-- Composite End --><\/p>\n","protected":false},"excerpt":{"rendered":"<p>Son: carpinter\u00eda principiante y avanzada, maquillaje avanzado y cocina italiana, interesados tienen hasta el viernes 12 de febrero La Secretar\u00eda de Bienestar Social ampli\u00f3 las inscripciones a los Talleres de Oficio de carpinter\u00eda principiante y avanzada; maquillaje avanzado y cocina [&hellip;]<\/p>\n","protected":false},"author":3,"featured_media":6332,"comment_status":"open","ping_status":"open","sticky":false,"template":"","format":"standard","meta":[],"categories":[63],"tags":[],"_links":{"self":[{"href":"http:\/\/noticiastelered.com\/PortalDNoticias\/wp-json\/wp\/v2\/posts\/17529"}],"collection":[{"href":"http:\/\/noticiastelered.com\/PortalDNoticias\/wp-json\/wp\/v2\/posts"}],"about":[{"href":"http:\/\/noticiastelered.com\/PortalDNoticias\/wp-json\/wp\/v2\/types\/post"}],"author":[{"embeddable":true,"href":"http:\/\/noticiastelered.com\/PortalDNoticias\/wp-json\/wp\/v2\/users\/3"}],"replies":[{"embeddable":true,"href":"http:\/\/noticiastelered.com\/PortalDNoticias\/wp-json\/wp\/v2\/comments?post=17529"}],"version-history":[{"count":1,"href":"http:\/\/noticiastelered.com\/PortalDNoticias\/wp-json\/wp\/v2\/posts\/17529\/revisions"}],"predecessor-version":[{"id":17531,"href":"http:\/\/noticiastelered.com\/PortalDNoticias\/wp-json\/wp\/v2\/posts\/17529\/revisions\/17531"}],"wp:featuredmedia":[{"embeddable":true,"href":"http:\/\/noticiastelered.com\/PortalDNoticias\/wp-json\/wp\/v2\/media\/6332"}],"wp:attachment":[{"href":"http:\/\/noticiastelered.com\/PortalDNoticias\/wp-json\/wp\/v2\/media?parent=17529"}],"wp:term":[{"taxonomy":"category","embeddable":true,"href":"http:\/\/noticiastelered.com\/PortalDNoticias\/wp-json\/wp\/v2\/categories?post=17529"},{"taxonomy":"post_tag","embeddable":true,"href":"http:\/\/noticiastelered.com\/PortalDNoticias\/wp-json\/wp\/v2\/tags?post=17529"}],"curies":[{"name":"wp","href":"https:\/\/api.w.org\/{rel}","templated":true}]}}