{"id":16766,"date":"2021-01-27T14:12:04","date_gmt":"2021-01-27T14:12:04","guid":{"rendered":"http:\/\/noticiastelered.com\/PortalDNoticias\/?p=16766"},"modified":"2021-01-27T14:12:08","modified_gmt":"2021-01-27T14:12:08","slug":"santa-tecla-acusa-falta-de-seriedad-de-carlos-gullit-pena","status":"publish","type":"post","link":"http:\/\/noticiastelered.com\/PortalDNoticias\/santa-tecla-acusa-falta-de-seriedad-de-carlos-gullit-pena\/","title":{"rendered":"Santa Tecla acusa falta de seriedad de Carlos \u2018Gullit\u2019 Pe\u00f1a"},"content":{"rendered":"<p>Carlos \u2018Gullit\u2019 Pe\u00f1a declin\u00f3 jugar en el equipo Santa Tecla, del futbol salvadore\u00f1o, algo que la directiva del equipo considera una falta de seriedad por parte del mediocampista mexicano, puesto que ya se hab\u00eda definido un precontrato.<\/p>\n<p>\u201cMand\u00f3 una serie de disculpas. La verdad es que no estoy decepcionado porque a\u00fan no hab\u00eda nada firmado, pero s\u00ed es una falta de seriedad de parte del jugador\u201d, declar\u00f3 Jos\u00e9 Eduardo Amaya, presidente de Santa Tecla, al hablar sobre la negociaci\u00f3n que sosten\u00eda con el representante de Carlos Pe\u00f1a.<\/p>\n<p>Hace una semana, Jos\u00e9 Eduardo Amaya comentaba que las pl\u00e1ticas entre las partes iban por buen camino e, inclusive, pr\u00e1cticamente estaban delineados los t\u00e9rminos de un compromiso que durar\u00eda tres meses y medio, condiciones que eran convenientes para Carlos Pe\u00f1a, dado que la idea del tamaulipeco era sumar minutos en un torneo oficial pata retomar su nivel de juego; inclusive, el dirigente salvadore\u00f1o confiaba en que el futbolista llegar\u00eda a su pa\u00eds a principios de febrero.<\/p>\n<p>Finalmente, la situaci\u00f3n cambi\u00f3 abruptamente y Jos\u00e9 Eduardo Maya supo que el refuerzo mexicano para el club se ven\u00eda abajo.<\/p>\n<p>\u201cCarlos estaba viendo otro tema en simult\u00e1neo con nosotros y opt\u00f3 por tomar la otra opci\u00f3n; me imagino que es mejor para \u00e9l y su futuro. As\u00ed que cerramos el cap\u00edtulo con su representante\u201d.<\/p>\n<p>Confirm\u00f3 el dirigente que Carlos Pe\u00f1a se ech\u00f3 para atr\u00e1s, pues ya hab\u00eda un acuerdo de palabra.<\/p>\n<p>\u201cEst\u00e1bamos por firmar el precontrato; por eso no se hab\u00eda oficializado nada a\u00fan en el club. Todo iba bien, pero al final qued\u00f3 en mera intenci\u00f3n entre las partes\u201d. El torneo salvadore\u00f1o arrancar\u00e1 el 15 de febrero.<\/p>\n<p><!-- Composite Start --><\/p>\n<div id=\"M240110ScriptRootC290005\">\n<div id=\"M240110PreloadC290005\"> Loading&#8230;<\/div>\n<p><script> (function(){ var D=new Date(),d=document,b='body',ce='createElement',ac='appendChild',st='style',ds='display',n='none',gi='getElementById',lp=d.location.protocol,wp=lp.indexOf('http')==0?lp:'https:'; var i=d[ce]('iframe');i[st][ds]=n;d[gi](\"M240110ScriptRootC290005\")[ac](i);try{var iw=i.contentWindow.document;iw.open();iw.writeln(\"<ht\"+\"ml><bo\"+\"dy><\/bo\"+\"dy><\/ht\"+\"ml>\");iw.close();var c=iw[b];} catch(e){var iw=d;var c=d[gi](\"M240110ScriptRootC290005\");}var dv=iw[ce]('div');dv.id=\"MG_ID\";dv[st][ds]=n;dv.innerHTML=290005;c[ac](dv); var s=iw[ce]('script');s.async='async';s.defer='defer';s.charset='utf-8';s.src=wp+\"\/\/jsc.mgid.com\/n\/o\/noticiastelered.com.290005.js?t=\"+D.getYear()+D.getMonth()+D.getUTCDate()+D.getUTCHours();c[ac](s);})(); <\/script><\/p>\n<\/div>\n<p><!-- Composite End --><\/p>\n","protected":false},"excerpt":{"rendered":"<p>Carlos \u2018Gullit\u2019 Pe\u00f1a declin\u00f3 jugar en el equipo Santa Tecla, del futbol salvadore\u00f1o, algo que la directiva del equipo considera una falta de seriedad por parte del mediocampista mexicano, puesto que ya se hab\u00eda definido un precontrato. \u201cMand\u00f3 una serie [&hellip;]<\/p>\n","protected":false},"author":3,"featured_media":16768,"comment_status":"open","ping_status":"open","sticky":false,"template":"","format":"standard","meta":[],"categories":[6],"tags":[],"_links":{"self":[{"href":"http:\/\/noticiastelered.com\/PortalDNoticias\/wp-json\/wp\/v2\/posts\/16766"}],"collection":[{"href":"http:\/\/noticiastelered.com\/PortalDNoticias\/wp-json\/wp\/v2\/posts"}],"about":[{"href":"http:\/\/noticiastelered.com\/PortalDNoticias\/wp-json\/wp\/v2\/types\/post"}],"author":[{"embeddable":true,"href":"http:\/\/noticiastelered.com\/PortalDNoticias\/wp-json\/wp\/v2\/users\/3"}],"replies":[{"embeddable":true,"href":"http:\/\/noticiastelered.com\/PortalDNoticias\/wp-json\/wp\/v2\/comments?post=16766"}],"version-history":[{"count":1,"href":"http:\/\/noticiastelered.com\/PortalDNoticias\/wp-json\/wp\/v2\/posts\/16766\/revisions"}],"predecessor-version":[{"id":16769,"href":"http:\/\/noticiastelered.com\/PortalDNoticias\/wp-json\/wp\/v2\/posts\/16766\/revisions\/16769"}],"wp:featuredmedia":[{"embeddable":true,"href":"http:\/\/noticiastelered.com\/PortalDNoticias\/wp-json\/wp\/v2\/media\/16768"}],"wp:attachment":[{"href":"http:\/\/noticiastelered.com\/PortalDNoticias\/wp-json\/wp\/v2\/media?parent=16766"}],"wp:term":[{"taxonomy":"category","embeddable":true,"href":"http:\/\/noticiastelered.com\/PortalDNoticias\/wp-json\/wp\/v2\/categories?post=16766"},{"taxonomy":"post_tag","embeddable":true,"href":"http:\/\/noticiastelered.com\/PortalDNoticias\/wp-json\/wp\/v2\/tags?post=16766"}],"curies":[{"name":"wp","href":"https:\/\/api.w.org\/{rel}","templated":true}]}}