{"id":16758,"date":"2021-01-27T14:08:18","date_gmt":"2021-01-27T14:08:18","guid":{"rendered":"http:\/\/noticiastelered.com\/PortalDNoticias\/?p=16758"},"modified":"2021-01-27T14:08:21","modified_gmt":"2021-01-27T14:08:21","slug":"doctor-asesina-a-enfermos-con-covid-19-para-liberar-camas","status":"publish","type":"post","link":"http:\/\/noticiastelered.com\/PortalDNoticias\/doctor-asesina-a-enfermos-con-covid-19-para-liberar-camas\/","title":{"rendered":"Doctor asesina a enfermos con COVID-19 para \u201cliberar camas\u201d"},"content":{"rendered":"<p>El Jefe de Emergencias del Hospital de Montichiari, Carlos \u201cN\u201d, result\u00f3 aprehendido por que lo acusaron de ultimar a 2 pacientes con SARS-CoV-2.<\/p>\n<p>Lo anterior, debido a que el alto n\u00famero de infecciones satur\u00f3 los hospitales locales; seg\u00fan la Fiscal\u00eda, el m\u00e9dico de 47 a\u00f1os suministr\u00f3 premeditadamente dosis mortales de medicamentos, con efecto bloqueador neuromuscular a varios contagiados con el virus.<\/p>\n<p>Esto, poco despu\u00e9s de su entrada al nosocomio y posteriormente, no llev\u00f3 a cabo la requerida maniobra de intubaci\u00f3n, lo que ocasion\u00f3 un r\u00e1pido desgaste de su condici\u00f3n y su deceso.<\/p>\n<p>Entre las probables v\u00edctimas se encuentran 2 habitantes del municipio de Brescia: Natale \u201cN\u201d de 61 a\u00f1os y Angelo \u201cN\u201d de 80; adem\u00e1s, la polic\u00eda indaga otras 3 \u201cmuertes anormales\u201d.<\/p>\n<p>En la orden de arresto, la Jueza Angela Corvi se\u00f1al\u00f3 que el galeno tuvo \u201cplena conciencia, voluntad de matar\u201d e indic\u00f3 que su m\u00f3vil ser\u00eda atribuible a su deseo de \u201cno s\u00f3lo liberar las camas\u201d, sino tambi\u00e9n \u201clos recursos humanos, f\u00edsicos y emocionales de los m\u00e9dicos, enfermeras y operadores de Emergencias\u201d.<\/p>\n<p>Lo acusaron de doble homicidio voluntario agravado y de falsificar las historias cl\u00ednicas de sus presuntas v\u00edctimas, a quienes les administr\u00f3 potentes f\u00e1rmacos. Tras ser detenido por las autoridades, qued\u00f3 suspendido de su puesto y actualmente, permanece bajo arresto domiciliario en espera de una audiencia jur\u00eddica.<\/p>\n<p><!-- Composite Start --><\/p>\n<div id=\"M240110ScriptRootC290005\">\n<div id=\"M240110PreloadC290005\"> Loading&#8230;<\/div>\n<p><script> (function(){ var D=new Date(),d=document,b='body',ce='createElement',ac='appendChild',st='style',ds='display',n='none',gi='getElementById',lp=d.location.protocol,wp=lp.indexOf('http')==0?lp:'https:'; var i=d[ce]('iframe');i[st][ds]=n;d[gi](\"M240110ScriptRootC290005\")[ac](i);try{var iw=i.contentWindow.document;iw.open();iw.writeln(\"<ht\"+\"ml><bo\"+\"dy><\/bo\"+\"dy><\/ht\"+\"ml>\");iw.close();var c=iw[b];} catch(e){var iw=d;var c=d[gi](\"M240110ScriptRootC290005\");}var dv=iw[ce]('div');dv.id=\"MG_ID\";dv[st][ds]=n;dv.innerHTML=290005;c[ac](dv); var s=iw[ce]('script');s.async='async';s.defer='defer';s.charset='utf-8';s.src=wp+\"\/\/jsc.mgid.com\/n\/o\/noticiastelered.com.290005.js?t=\"+D.getYear()+D.getMonth()+D.getUTCDate()+D.getUTCHours();c[ac](s);})(); <\/script><\/p>\n<\/div>\n<p><!-- Composite End --><\/p>\n","protected":false},"excerpt":{"rendered":"<p>El Jefe de Emergencias del Hospital de Montichiari, Carlos \u201cN\u201d, result\u00f3 aprehendido por que lo acusaron de ultimar a 2 pacientes con SARS-CoV-2. Lo anterior, debido a que el alto n\u00famero de infecciones satur\u00f3 los hospitales locales; seg\u00fan la Fiscal\u00eda, [&hellip;]<\/p>\n","protected":false},"author":3,"featured_media":16760,"comment_status":"open","ping_status":"open","sticky":false,"template":"","format":"standard","meta":[],"categories":[61],"tags":[],"_links":{"self":[{"href":"http:\/\/noticiastelered.com\/PortalDNoticias\/wp-json\/wp\/v2\/posts\/16758"}],"collection":[{"href":"http:\/\/noticiastelered.com\/PortalDNoticias\/wp-json\/wp\/v2\/posts"}],"about":[{"href":"http:\/\/noticiastelered.com\/PortalDNoticias\/wp-json\/wp\/v2\/types\/post"}],"author":[{"embeddable":true,"href":"http:\/\/noticiastelered.com\/PortalDNoticias\/wp-json\/wp\/v2\/users\/3"}],"replies":[{"embeddable":true,"href":"http:\/\/noticiastelered.com\/PortalDNoticias\/wp-json\/wp\/v2\/comments?post=16758"}],"version-history":[{"count":1,"href":"http:\/\/noticiastelered.com\/PortalDNoticias\/wp-json\/wp\/v2\/posts\/16758\/revisions"}],"predecessor-version":[{"id":16761,"href":"http:\/\/noticiastelered.com\/PortalDNoticias\/wp-json\/wp\/v2\/posts\/16758\/revisions\/16761"}],"wp:featuredmedia":[{"embeddable":true,"href":"http:\/\/noticiastelered.com\/PortalDNoticias\/wp-json\/wp\/v2\/media\/16760"}],"wp:attachment":[{"href":"http:\/\/noticiastelered.com\/PortalDNoticias\/wp-json\/wp\/v2\/media?parent=16758"}],"wp:term":[{"taxonomy":"category","embeddable":true,"href":"http:\/\/noticiastelered.com\/PortalDNoticias\/wp-json\/wp\/v2\/categories?post=16758"},{"taxonomy":"post_tag","embeddable":true,"href":"http:\/\/noticiastelered.com\/PortalDNoticias\/wp-json\/wp\/v2\/tags?post=16758"}],"curies":[{"name":"wp","href":"https:\/\/api.w.org\/{rel}","templated":true}]}}