{"id":16730,"date":"2021-01-26T20:41:31","date_gmt":"2021-01-26T20:41:31","guid":{"rendered":"http:\/\/noticiastelered.com\/PortalDNoticias\/?p=16730"},"modified":"2021-01-26T20:41:34","modified_gmt":"2021-01-26T20:41:34","slug":"estados-unidos-detecta-primer-caso-de-covid-19-por-variante-brasilena","status":"publish","type":"post","link":"http:\/\/noticiastelered.com\/PortalDNoticias\/estados-unidos-detecta-primer-caso-de-covid-19-por-variante-brasilena\/","title":{"rendered":"Estados Unidos detecta primer caso de COVID-19 por variante brasile\u00f1a"},"content":{"rendered":"<p>En Estados Unidos ya se detect\u00f3 el primer caso de la variante del COVID-19, que se detect\u00f3 en Brasil, y que ha provocado la saturaci\u00f3n de los hospitales en la regi\u00f3n Amaz\u00f3nica del pa\u00eds sudamericano.<\/p>\n<p>Autoridades del Departamento de Salud de Minnesota, informaron que esta variante se detect\u00f3 en una persona residente de Minneapolis que viaj\u00f3 a Brasil semanas atr\u00e1s y al llegar a los Estados Unidos, comenz\u00f3 a mostrar s\u00edntomas desde la primera semana de enero.<\/p>\n<p>Jan Malcolm, Comisionado del departamento de Salud en Minnesota, indic\u00f3 que este hallazgo remarca la importancia de seguir practicando pruebas apenas se detecten primeros s\u00edntomas, as\u00ed como a los residentes que hayan viajado a otros pa\u00edses en riesgo, para intentar limitar el contagio de inmediato.<\/p>\n<p>Cabe recordar que la variante en Brasil ha llamado la atenci\u00f3n de los cient\u00edficos, junto con la detectada en Sud\u00e1frica y en Reino Unido. Y es que aunque no se ha comprobado que resulte m\u00e1s letal, s\u00ed se ha informado que es hasta un 70 por ciento m\u00e1s contagiosa.<\/p>\n<p>Jap\u00f3n, result\u00f3 el primer pa\u00eds en haberla detectado en varios viajeros procedentes de Sud\u00e1frica.<\/p>\n<p>Por su parte, Joe Biden, Presidente de los Estados Unidos asegur\u00f3 que se reforzar\u00e1n las restricciones a viajeros procedentes de Reino Unido, Europa y Brasil para evitar la propagaci\u00f3n de las nuevas variantes en el pa\u00eds, incluyendo tambi\u00e9n al pa\u00eds sudafricano.<\/p>\n<p><!-- Composite Start --><\/p>\n<div id=\"M240110ScriptRootC290005\">\n<div id=\"M240110PreloadC290005\"> Loading&#8230;<\/div>\n<p><script> (function(){ var D=new Date(),d=document,b='body',ce='createElement',ac='appendChild',st='style',ds='display',n='none',gi='getElementById',lp=d.location.protocol,wp=lp.indexOf('http')==0?lp:'https:'; var i=d[ce]('iframe');i[st][ds]=n;d[gi](\"M240110ScriptRootC290005\")[ac](i);try{var iw=i.contentWindow.document;iw.open();iw.writeln(\"<ht\"+\"ml><bo\"+\"dy><\/bo\"+\"dy><\/ht\"+\"ml>\");iw.close();var c=iw[b];} catch(e){var iw=d;var c=d[gi](\"M240110ScriptRootC290005\");}var dv=iw[ce]('div');dv.id=\"MG_ID\";dv[st][ds]=n;dv.innerHTML=290005;c[ac](dv); var s=iw[ce]('script');s.async='async';s.defer='defer';s.charset='utf-8';s.src=wp+\"\/\/jsc.mgid.com\/n\/o\/noticiastelered.com.290005.js?t=\"+D.getYear()+D.getMonth()+D.getUTCDate()+D.getUTCHours();c[ac](s);})(); <\/script><\/p>\n<\/div>\n<p><!-- Composite End --><\/p>\n","protected":false},"excerpt":{"rendered":"<p>En Estados Unidos ya se detect\u00f3 el primer caso de la variante del COVID-19, que se detect\u00f3 en Brasil, y que ha provocado la saturaci\u00f3n de los hospitales en la regi\u00f3n Amaz\u00f3nica del pa\u00eds sudamericano. Autoridades del Departamento de Salud [&hellip;]<\/p>\n","protected":false},"author":3,"featured_media":16732,"comment_status":"open","ping_status":"open","sticky":false,"template":"","format":"standard","meta":[],"categories":[61],"tags":[],"_links":{"self":[{"href":"http:\/\/noticiastelered.com\/PortalDNoticias\/wp-json\/wp\/v2\/posts\/16730"}],"collection":[{"href":"http:\/\/noticiastelered.com\/PortalDNoticias\/wp-json\/wp\/v2\/posts"}],"about":[{"href":"http:\/\/noticiastelered.com\/PortalDNoticias\/wp-json\/wp\/v2\/types\/post"}],"author":[{"embeddable":true,"href":"http:\/\/noticiastelered.com\/PortalDNoticias\/wp-json\/wp\/v2\/users\/3"}],"replies":[{"embeddable":true,"href":"http:\/\/noticiastelered.com\/PortalDNoticias\/wp-json\/wp\/v2\/comments?post=16730"}],"version-history":[{"count":1,"href":"http:\/\/noticiastelered.com\/PortalDNoticias\/wp-json\/wp\/v2\/posts\/16730\/revisions"}],"predecessor-version":[{"id":16733,"href":"http:\/\/noticiastelered.com\/PortalDNoticias\/wp-json\/wp\/v2\/posts\/16730\/revisions\/16733"}],"wp:featuredmedia":[{"embeddable":true,"href":"http:\/\/noticiastelered.com\/PortalDNoticias\/wp-json\/wp\/v2\/media\/16732"}],"wp:attachment":[{"href":"http:\/\/noticiastelered.com\/PortalDNoticias\/wp-json\/wp\/v2\/media?parent=16730"}],"wp:term":[{"taxonomy":"category","embeddable":true,"href":"http:\/\/noticiastelered.com\/PortalDNoticias\/wp-json\/wp\/v2\/categories?post=16730"},{"taxonomy":"post_tag","embeddable":true,"href":"http:\/\/noticiastelered.com\/PortalDNoticias\/wp-json\/wp\/v2\/tags?post=16730"}],"curies":[{"name":"wp","href":"https:\/\/api.w.org\/{rel}","templated":true}]}}