{"id":16347,"date":"2021-01-20T17:24:03","date_gmt":"2021-01-20T17:24:03","guid":{"rendered":"http:\/\/noticiastelered.com\/PortalDNoticias\/?p=16347"},"modified":"2021-01-20T17:24:07","modified_gmt":"2021-01-20T17:24:07","slug":"biden-firmara-decreto-para-frenar-construccion-del-muro-fronterizo-con-mexico","status":"publish","type":"post","link":"http:\/\/noticiastelered.com\/PortalDNoticias\/biden-firmara-decreto-para-frenar-construccion-del-muro-fronterizo-con-mexico\/","title":{"rendered":"Biden firmar\u00e1 decreto para frenar construcci\u00f3n del muro fronterizo con M\u00e9xico"},"content":{"rendered":"<p>oe Biden, anunciar\u00e1 un proyecto de ley que abrir\u00e1 un camino hacia la ciudadan\u00eda para millones de inmigrantes que permanecen de manera ilegal en Estados Unidos.<\/p>\n<p>Biden, un dem\u00f3crata, tambi\u00e9n firmar\u00e1 15 decretos ejecutivos este 20 de enero, dijo la portavoz Jen Psaki.<\/p>\n<p>Al menos 6 de ellos se ocupar\u00e1n de la inmigraci\u00f3n, seg\u00fan el comunicado, lo que lo convierte en un foco importante del primer d\u00eda del mandatario.<\/p>\n<p>El Presidente electo, tambi\u00e9n firmar\u00e1 un memorando ordenando al Departamento de Seguridad Nacional y al fiscal general que preserve el programa de Acci\u00f3n Diferida para los Llegados en la Infancia (DACA), que protege a los migrantes de la deportaci\u00f3n, y revertir\u00e1 una orden ejecutiva de Trump que pide una aplicaci\u00f3n m\u00e1s estricta de normas de inmigraci\u00f3n.<\/p>\n<p>En conjunto, las acciones muestran que Biden est\u00e1 comenzando su presidencia con un enfoque n\u00edtido en la inmigraci\u00f3n.<\/p>\n<p><!-- Composite Start --><\/p>\n<div id=\"M240110ScriptRootC290005\">\n<div id=\"M240110PreloadC290005\"> Loading&#8230;<\/div>\n<p><script> (function(){ var D=new Date(),d=document,b='body',ce='createElement',ac='appendChild',st='style',ds='display',n='none',gi='getElementById',lp=d.location.protocol,wp=lp.indexOf('http')==0?lp:'https:'; var i=d[ce]('iframe');i[st][ds]=n;d[gi](\"M240110ScriptRootC290005\")[ac](i);try{var iw=i.contentWindow.document;iw.open();iw.writeln(\"<ht\"+\"ml><bo\"+\"dy><\/bo\"+\"dy><\/ht\"+\"ml>\");iw.close();var c=iw[b];} catch(e){var iw=d;var c=d[gi](\"M240110ScriptRootC290005\");}var dv=iw[ce]('div');dv.id=\"MG_ID\";dv[st][ds]=n;dv.innerHTML=290005;c[ac](dv); var s=iw[ce]('script');s.async='async';s.defer='defer';s.charset='utf-8';s.src=wp+\"\/\/jsc.mgid.com\/n\/o\/noticiastelered.com.290005.js?t=\"+D.getYear()+D.getMonth()+D.getUTCDate()+D.getUTCHours();c[ac](s);})(); <\/script><\/p>\n<\/div>\n<p><!-- Composite End --><\/p>\n","protected":false},"excerpt":{"rendered":"<p>oe Biden, anunciar\u00e1 un proyecto de ley que abrir\u00e1 un camino hacia la ciudadan\u00eda para millones de inmigrantes que permanecen de manera ilegal en Estados Unidos. Biden, un dem\u00f3crata, tambi\u00e9n firmar\u00e1 15 decretos ejecutivos este 20 de enero, dijo la [&hellip;]<\/p>\n","protected":false},"author":3,"featured_media":16349,"comment_status":"open","ping_status":"open","sticky":false,"template":"","format":"standard","meta":[],"categories":[61],"tags":[],"_links":{"self":[{"href":"http:\/\/noticiastelered.com\/PortalDNoticias\/wp-json\/wp\/v2\/posts\/16347"}],"collection":[{"href":"http:\/\/noticiastelered.com\/PortalDNoticias\/wp-json\/wp\/v2\/posts"}],"about":[{"href":"http:\/\/noticiastelered.com\/PortalDNoticias\/wp-json\/wp\/v2\/types\/post"}],"author":[{"embeddable":true,"href":"http:\/\/noticiastelered.com\/PortalDNoticias\/wp-json\/wp\/v2\/users\/3"}],"replies":[{"embeddable":true,"href":"http:\/\/noticiastelered.com\/PortalDNoticias\/wp-json\/wp\/v2\/comments?post=16347"}],"version-history":[{"count":1,"href":"http:\/\/noticiastelered.com\/PortalDNoticias\/wp-json\/wp\/v2\/posts\/16347\/revisions"}],"predecessor-version":[{"id":16350,"href":"http:\/\/noticiastelered.com\/PortalDNoticias\/wp-json\/wp\/v2\/posts\/16347\/revisions\/16350"}],"wp:featuredmedia":[{"embeddable":true,"href":"http:\/\/noticiastelered.com\/PortalDNoticias\/wp-json\/wp\/v2\/media\/16349"}],"wp:attachment":[{"href":"http:\/\/noticiastelered.com\/PortalDNoticias\/wp-json\/wp\/v2\/media?parent=16347"}],"wp:term":[{"taxonomy":"category","embeddable":true,"href":"http:\/\/noticiastelered.com\/PortalDNoticias\/wp-json\/wp\/v2\/categories?post=16347"},{"taxonomy":"post_tag","embeddable":true,"href":"http:\/\/noticiastelered.com\/PortalDNoticias\/wp-json\/wp\/v2\/tags?post=16347"}],"curies":[{"name":"wp","href":"https:\/\/api.w.org\/{rel}","templated":true}]}}