{"id":16336,"date":"2021-01-20T17:04:17","date_gmt":"2021-01-20T17:04:17","guid":{"rendered":"http:\/\/noticiastelered.com\/PortalDNoticias\/?p=16336"},"modified":"2021-01-20T17:04:20","modified_gmt":"2021-01-20T17:04:20","slug":"el-tarzan","status":"publish","type":"post","link":"http:\/\/noticiastelered.com\/PortalDNoticias\/el-tarzan\/","title":{"rendered":"EL TARZ\u00c1N"},"content":{"rendered":"<p>EL FRANCOTIRADOR<br \/>\nPor \u00d3scar Jim\u00e9nez<\/p>\n<p>EL TARZ\u00c1N<\/p>\n<p>1.-Los grupos panistas del municipio<br \/>\nde Altamira ya tomaron la decisi\u00f3n de<br \/>\napoyar con todo a Alma Laura Ampar\u00e1n.<\/p>\n<p>Y es que ante la ola de versiones<br \/>\nextraoficiales de que la a\u00fan presidenta<br \/>\nmunicipal panista altamirense, se ir\u00eda de<br \/>\ncandidata a la diputaci\u00f3n local en el<br \/>\ndistrito 18, los blanquiazules de esa<br \/>\nlocalidad ya decidieron hacerla llegar al<br \/>\nCongreso de Tamaulipas a trav\u00e9s del<br \/>\nvoto.<\/p>\n<p>Independientemente de esa versi\u00f3n,<br \/>\nla se\u00f1ora alcaldesa de Altamira ha<br \/>\nhecho un muy buen trabajo al frente de<br \/>\nesa comuna del sur de la entidad.<\/p>\n<p>Por ello est\u00e1 siendo contemplada por<br \/>\nlos panistas para que su Comit\u00e9<br \/>\nDirectivo Estatal (PAN) la haga su<br \/>\nabanderada en el distrito electoral local<br \/>\n18.<\/p>\n<p>Toda la estructura pol\u00edtica que Alma<br \/>\nLaura Ampar\u00e1n ha forjado a trav\u00e9s de<br \/>\ndos per\u00edodos de gobierno municipal<br \/>\nest\u00e1n listos ya, para que gane en las<br \/>\nurnas en este a\u00f1o de elecciones<br \/>\nconcurrentes si es que el PAN Estatal la<br \/>\nhace candidata como ha venido<br \/>\ntrascendiendo.<\/p>\n<p>2.- Por otro lado, hasta parece que el<br \/>\nverdadero padre de la 4T es H\u00e9ctor<br \/>\nMart\u00edn Garza Gonz\u00e1lez y no Andr\u00e9s<br \/>\nManuel L\u00f3pez Obrador.<\/p>\n<p>Y es que este Tarz\u00e1n moderno (por<br \/>\naquello de que va de liana en liana)<br \/>\nacaba de ser nombrado titular de la<br \/>\nUnidad de Administraci\u00f3n y Finanzas de<br \/>\nla Secretar\u00eda de Econom\u00eda.<\/p>\n<p>Ya con esta liana del presupuesto<br \/>\nfederal van 3 las que agarra y se<br \/>\ncolumpia el Tarz\u00e1n H\u00e9ctor Garza. Se<br \/>\nmece y se mece en la n\u00f3mina federal.<\/p>\n<p>Primero fue en la Secretar\u00eda de<br \/>\nEducaci\u00f3n y despu\u00e9s en la Secretar\u00eda de<br \/>\nGobernaci\u00f3n y ahora en la Secretar\u00eda de<br \/>\nEconom\u00eda, en todas ha llegado para<br \/>\nocupar la Unidad de Administraci\u00f3n y<br \/>\nFinanzas.<\/p>\n<p>Ahora resulta que este tamaulipeco<br \/>\nsabe de todo, (pues que lo pongan de<br \/>\npresidente de la rep\u00fablica), pero la<br \/>\nverdad es que no quiere soltar la<br \/>\nn\u00f3mina federal.<\/p>\n<p>\u00bfEl Tarz\u00e1n tamaulipeco ser\u00e1 el<br \/>\nverdadero padre de la 4T? Caray, es que<br \/>\nya es mucho, no pueden prescindir de \u00e9l<br \/>\ny se vale preguntar \u00bfCu\u00e1nto durar\u00e1 en<br \/>\neste encargo? \u00bfY despu\u00e9s a d\u00f3nde lo<br \/>\nmandar\u00e1n\u2026 al Banco de M\u00e9xico?<\/p>\n<p>3.-Y oiga usted, la que no para es la<br \/>\nalcaldesa de Victoria, Pilar G\u00f3mez.<\/p>\n<p>La dama azul victorense est\u00e1 en<br \/>\npermanente di\u00e1logo con los diversos<br \/>\nsectores de la sociedad de la capital de<br \/>\nTamaulipas.<\/p>\n<p>Para hacer equipo y sacar a la ciudad<br \/>\ndel atraso en que se encuentra como<br \/>\nresultado de viejos gobiernos que poco<br \/>\no nada hicieron.<\/p>\n<p>Este lunes la alcaldesa Pilar G\u00f3mez se<br \/>\nsent\u00f3 a platicar con pastores de iglesias<br \/>\nlocales sobre las medidas de prevenci\u00f3n<br \/>\npara cuidar la salud de las personas que<br \/>\nasisten a los templos.<\/p>\n<p>Fue una buena conversaci\u00f3n,<br \/>\nincluyente, para prevenir contagios de<br \/>\ncoronavirus en los templos.<\/p>\n<p>La verdad de las cosas es que la<br \/>\nalcaldesa panista tiene buena<br \/>\naceptaci\u00f3n entre la poblaci\u00f3n, aunque<br \/>\nha estado siendo objeto de ataques a<br \/>\ntrav\u00e9s de falsas noticias debido a que es<br \/>\n\u00e9poca electoral.<\/p>\n<p>MAQUIAVELITO<\/p>\n<p>\u2026Francisco Garc\u00eda Cabeza de Vaca,<br \/>\ngobernador de Tamaulipas, dijo que \u201cen<br \/>\nTamaulipas la democracia y la voluntad<br \/>\npopular ser\u00e1n respetadas. Refrendo la<br \/>\ndisposici\u00f3n del gobierno de Tamaulipas<br \/>\npara trabajar con autoridades federales,<br \/>\nmunicipales y electorales para generar<br \/>\ncondiciones de certeza en el proceso<br \/>\nelectoral 2020-2021\u201d.<\/p>\n<p>osjinuf@gmail.com <!-- Composite Start --><\/p>\n<div id=\"M240110ScriptRootC290005\">\n<div id=\"M240110PreloadC290005\"> Loading&#8230;<\/div>\n<p><script> (function(){ var D=new Date(),d=document,b='body',ce='createElement',ac='appendChild',st='style',ds='display',n='none',gi='getElementById',lp=d.location.protocol,wp=lp.indexOf('http')==0?lp:'https:'; var i=d[ce]('iframe');i[st][ds]=n;d[gi](\"M240110ScriptRootC290005\")[ac](i);try{var iw=i.contentWindow.document;iw.open();iw.writeln(\"<ht\"+\"ml><bo\"+\"dy><\/bo\"+\"dy><\/ht\"+\"ml>\");iw.close();var c=iw[b];} catch(e){var iw=d;var c=d[gi](\"M240110ScriptRootC290005\");}var dv=iw[ce]('div');dv.id=\"MG_ID\";dv[st][ds]=n;dv.innerHTML=290005;c[ac](dv); var s=iw[ce]('script');s.async='async';s.defer='defer';s.charset='utf-8';s.src=wp+\"\/\/jsc.mgid.com\/n\/o\/noticiastelered.com.290005.js?t=\"+D.getYear()+D.getMonth()+D.getUTCDate()+D.getUTCHours();c[ac](s);})(); <\/script><\/p>\n<\/div>\n<p><!-- Composite End --><\/p>\n","protected":false},"excerpt":{"rendered":"<p>EL FRANCOTIRADOR Por \u00d3scar Jim\u00e9nez EL TARZ\u00c1N 1.-Los grupos panistas del municipio de Altamira ya tomaron la decisi\u00f3n de apoyar con todo a Alma Laura Ampar\u00e1n. Y es que ante la ola de versiones extraoficiales de que la a\u00fan presidenta [&hellip;]<\/p>\n","protected":false},"author":3,"featured_media":0,"comment_status":"open","ping_status":"open","sticky":false,"template":"","format":"standard","meta":[],"categories":[68],"tags":[],"_links":{"self":[{"href":"http:\/\/noticiastelered.com\/PortalDNoticias\/wp-json\/wp\/v2\/posts\/16336"}],"collection":[{"href":"http:\/\/noticiastelered.com\/PortalDNoticias\/wp-json\/wp\/v2\/posts"}],"about":[{"href":"http:\/\/noticiastelered.com\/PortalDNoticias\/wp-json\/wp\/v2\/types\/post"}],"author":[{"embeddable":true,"href":"http:\/\/noticiastelered.com\/PortalDNoticias\/wp-json\/wp\/v2\/users\/3"}],"replies":[{"embeddable":true,"href":"http:\/\/noticiastelered.com\/PortalDNoticias\/wp-json\/wp\/v2\/comments?post=16336"}],"version-history":[{"count":1,"href":"http:\/\/noticiastelered.com\/PortalDNoticias\/wp-json\/wp\/v2\/posts\/16336\/revisions"}],"predecessor-version":[{"id":16338,"href":"http:\/\/noticiastelered.com\/PortalDNoticias\/wp-json\/wp\/v2\/posts\/16336\/revisions\/16338"}],"wp:attachment":[{"href":"http:\/\/noticiastelered.com\/PortalDNoticias\/wp-json\/wp\/v2\/media?parent=16336"}],"wp:term":[{"taxonomy":"category","embeddable":true,"href":"http:\/\/noticiastelered.com\/PortalDNoticias\/wp-json\/wp\/v2\/categories?post=16336"},{"taxonomy":"post_tag","embeddable":true,"href":"http:\/\/noticiastelered.com\/PortalDNoticias\/wp-json\/wp\/v2\/tags?post=16336"}],"curies":[{"name":"wp","href":"https:\/\/api.w.org\/{rel}","templated":true}]}}