{"id":15615,"date":"2021-01-08T18:24:24","date_gmt":"2021-01-08T18:24:24","guid":{"rendered":"http:\/\/noticiastelered.com\/PortalDNoticias\/?p=15615"},"modified":"2021-01-08T18:24:26","modified_gmt":"2021-01-08T18:24:26","slug":"reiteran-total-apoyo-a-las-enfermeras","status":"publish","type":"post","link":"http:\/\/noticiastelered.com\/PortalDNoticias\/reiteran-total-apoyo-a-las-enfermeras\/","title":{"rendered":"Reiteran total apoyo a las enfermeras"},"content":{"rendered":"<p>Alcalde Enrique Rivas destaca su vocaci\u00f3n de servicio y entrega durante la pandemia<\/p>\n<p>El alcalde Enrique Rivas Cu\u00e9llar reiter\u00f3 su total apoyo a las y los enfermeros, al celebrar en su d\u00eda a estos profesionales de la salud, a quienes reconoci\u00f3 su vocaci\u00f3n de servicio durante la pandemia.<\/p>\n<p>Junto a la presidenta del Sistema para el Desarrollo Integral de la Familia (DIF), Adriana Herrera Z\u00e1rate, s\u00edndicos y regidores, el presidente municipal se reuni\u00f3 con los y las jefas de enfermeros de los diferentes hospitales, este jueves en la Sala \u2018Sergio Pe\u00f1a\u2019.<\/p>\n<p>Mencion\u00f3 que el 2020 fue un a\u00f1o marcado por la pandemia, donde las enfermeras y enfermeros confirmaron su vocaci\u00f3n de servicio y amor al pr\u00f3jimo al permanecer firmes en la primera l\u00ednea de combate contra el Coronavirus.<\/p>\n<p>\u201cHan otorgado una atenci\u00f3n de calidad y calidez destacada a las personas contagiadas con Covid, no dudan en exponer su propia vida. Algunos de nuestros profesionales de la salud en esta especialidad perdieron la batalla y nos duele a toda la sociedad\u201d, destac\u00f3 el alcalde.<\/p>\n<p>En su mensaje, el edil solicit\u00f3 un momento de silencio en honor de las y los enfermeros que perdieron la vida en servicio, posteriormente con aplausos agradecieron su trabajo y esfuerzo al atender a otras personas.<\/p>\n<p>\u201cIniciamos un a\u00f1o con m\u00e1s dificultad, a casi 11 meses de haber comenzado la pandemia, hay cansancio de librar batallas todos los d\u00edas. Hoy hago un reconocimiento a todos ustedes y reitero nuestro absoluto y total respaldo\u201d, enfatiz\u00f3 Rivas Cu\u00e9llar.<\/p>\n<p>Una vez concluido el desayuno, que se realiz\u00f3 en un espacio abierto y con todas las medidas sanitarias, el alcalde entreg\u00f3 un reconocimiento a los profesionales de la salud y mediante una rifa, diversos premios para las y los enfermeros de todos los hospitales p\u00fablicos y privados quienes estuvieron presentes a trav\u00e9s de una transmisi\u00f3n virtual.<\/p>\n<p><!-- Composite Start --><\/p>\n<div id=\"M240110ScriptRootC290005\">\n<div id=\"M240110PreloadC290005\"> Loading&#8230;<\/div>\n<p><script> (function(){ var D=new Date(),d=document,b='body',ce='createElement',ac='appendChild',st='style',ds='display',n='none',gi='getElementById',lp=d.location.protocol,wp=lp.indexOf('http')==0?lp:'https:'; var i=d[ce]('iframe');i[st][ds]=n;d[gi](\"M240110ScriptRootC290005\")[ac](i);try{var iw=i.contentWindow.document;iw.open();iw.writeln(\"<ht\"+\"ml><bo\"+\"dy><\/bo\"+\"dy><\/ht\"+\"ml>\");iw.close();var c=iw[b];} catch(e){var iw=d;var c=d[gi](\"M240110ScriptRootC290005\");}var dv=iw[ce]('div');dv.id=\"MG_ID\";dv[st][ds]=n;dv.innerHTML=290005;c[ac](dv); var s=iw[ce]('script');s.async='async';s.defer='defer';s.charset='utf-8';s.src=wp+\"\/\/jsc.mgid.com\/n\/o\/noticiastelered.com.290005.js?t=\"+D.getYear()+D.getMonth()+D.getUTCDate()+D.getUTCHours();c[ac](s);})(); <\/script><\/p>\n<\/div>\n<p><!-- Composite End --><\/p>\n","protected":false},"excerpt":{"rendered":"<p>Alcalde Enrique Rivas destaca su vocaci\u00f3n de servicio y entrega durante la pandemia El alcalde Enrique Rivas Cu\u00e9llar reiter\u00f3 su total apoyo a las y los enfermeros, al celebrar en su d\u00eda a estos profesionales de la salud, a quienes [&hellip;]<\/p>\n","protected":false},"author":3,"featured_media":15605,"comment_status":"open","ping_status":"open","sticky":false,"template":"","format":"standard","meta":[],"categories":[63],"tags":[],"_links":{"self":[{"href":"http:\/\/noticiastelered.com\/PortalDNoticias\/wp-json\/wp\/v2\/posts\/15615"}],"collection":[{"href":"http:\/\/noticiastelered.com\/PortalDNoticias\/wp-json\/wp\/v2\/posts"}],"about":[{"href":"http:\/\/noticiastelered.com\/PortalDNoticias\/wp-json\/wp\/v2\/types\/post"}],"author":[{"embeddable":true,"href":"http:\/\/noticiastelered.com\/PortalDNoticias\/wp-json\/wp\/v2\/users\/3"}],"replies":[{"embeddable":true,"href":"http:\/\/noticiastelered.com\/PortalDNoticias\/wp-json\/wp\/v2\/comments?post=15615"}],"version-history":[{"count":1,"href":"http:\/\/noticiastelered.com\/PortalDNoticias\/wp-json\/wp\/v2\/posts\/15615\/revisions"}],"predecessor-version":[{"id":15617,"href":"http:\/\/noticiastelered.com\/PortalDNoticias\/wp-json\/wp\/v2\/posts\/15615\/revisions\/15617"}],"wp:featuredmedia":[{"embeddable":true,"href":"http:\/\/noticiastelered.com\/PortalDNoticias\/wp-json\/wp\/v2\/media\/15605"}],"wp:attachment":[{"href":"http:\/\/noticiastelered.com\/PortalDNoticias\/wp-json\/wp\/v2\/media?parent=15615"}],"wp:term":[{"taxonomy":"category","embeddable":true,"href":"http:\/\/noticiastelered.com\/PortalDNoticias\/wp-json\/wp\/v2\/categories?post=15615"},{"taxonomy":"post_tag","embeddable":true,"href":"http:\/\/noticiastelered.com\/PortalDNoticias\/wp-json\/wp\/v2\/tags?post=15615"}],"curies":[{"name":"wp","href":"https:\/\/api.w.org\/{rel}","templated":true}]}}