{"id":15001,"date":"2020-12-21T16:05:06","date_gmt":"2020-12-21T16:05:06","guid":{"rendered":"http:\/\/noticiastelered.com\/PortalDNoticias\/?p=15001"},"modified":"2020-12-21T16:05:08","modified_gmt":"2020-12-21T16:05:08","slug":"abrira-mercado-municipal-el-24-y-31-de-diciembre","status":"publish","type":"post","link":"http:\/\/noticiastelered.com\/PortalDNoticias\/abrira-mercado-municipal-el-24-y-31-de-diciembre\/","title":{"rendered":"Abrir\u00e1 Mercado Municipal  el 24 y 31 de diciembre"},"content":{"rendered":"<p>REdaccion<br \/>\nNoticias Telered<\/p>\n<p>Las y los ciudadanos podr\u00e1n hacer sus compras y conseguir art\u00edculos de primera necesidad para la celebraci\u00f3n de Navidad y A\u00f1o Nuevo<\/p>\n<p>Por \u00fanica ocasi\u00f3n, el Mercado NLD abrir\u00e1 el  jueves 24 y 31 de diciembre de 8 de la ma\u00f1ana a 3:30 de la tarde, las y los ciudadanos podr\u00e1n hacer sus compras de \u00faltimo momento y conseguir art\u00edculos de primera necesidad previo a la celebraci\u00f3n de Navidad y A\u00f1o Nuevo.<\/p>\n<p>Sergio Bul\u00e1s Villareal, administrador del Mercado Municipal, invit\u00f3 a la poblaci\u00f3n para que acuda a consumir los art\u00edculos de los vendedores locales, hay m\u00e1s de 50 locatarios ofertando artesan\u00edas, manualidades, comida, frutas, verduras, ropa, zapatos y un sin fin de productos.<\/p>\n<p>\u201cQuiero invitarlos a que asistan al mercado municipal en un ambiente familiar estaremos abriendo este jueves 24 de diciembre y jueves 31 de diciembre en horario regular de 8 de la ma\u00f1ana a 3:30 de la tarde, los esperamos\u201d.<\/p>\n<p>Bul\u00e1s Villarreal se\u00f1al\u00f3 que los d\u00edas regulares de apertura del mercado son s\u00e1bado y domingo de 8 de la ma\u00f1ana a 3:30 de la tarde, pero por \u00fanica ocasi\u00f3n se abrir\u00e1 lo dos \u00faltimos jueves de diciembre<\/p>\n<p>Asegur\u00f3 que se aplicar\u00e1n todas las medidas sanitarias para el ingreso de los compradores, como el uso obligatorio del cubrebocas, el lavado de manos, el uso de gel antibacterial y la toma de temperatura.<\/p>\n<p>Agreg\u00f3 que a\u00fan hay espacios disponibles para  locatarios, s\u00f3lo requieren registrarse con su copia de la credencial de elector, CURP, copia de comprobante de domicilio y en caso de ser venta de alimento cumplir con los requisitos que exige la Secretar\u00eda de Salud y se le brindar\u00e1 un espacio para comercializar.<\/p>\n<p><!-- Composite Start --><\/p>\n<div id=\"M240110ScriptRootC290005\">\n<div id=\"M240110PreloadC290005\"> Loading&#8230;<\/div>\n<p><script> (function(){ var D=new Date(),d=document,b='body',ce='createElement',ac='appendChild',st='style',ds='display',n='none',gi='getElementById',lp=d.location.protocol,wp=lp.indexOf('http')==0?lp:'https:'; var i=d[ce]('iframe');i[st][ds]=n;d[gi](\"M240110ScriptRootC290005\")[ac](i);try{var iw=i.contentWindow.document;iw.open();iw.writeln(\"<ht\"+\"ml><bo\"+\"dy><\/bo\"+\"dy><\/ht\"+\"ml>\");iw.close();var c=iw[b];} catch(e){var iw=d;var c=d[gi](\"M240110ScriptRootC290005\");}var dv=iw[ce]('div');dv.id=\"MG_ID\";dv[st][ds]=n;dv.innerHTML=290005;c[ac](dv); var s=iw[ce]('script');s.async='async';s.defer='defer';s.charset='utf-8';s.src=wp+\"\/\/jsc.mgid.com\/n\/o\/noticiastelered.com.290005.js?t=\"+D.getYear()+D.getMonth()+D.getUTCDate()+D.getUTCHours();c[ac](s);})(); <\/script><\/p>\n<\/div>\n<p><!-- Composite End --><\/p>\n","protected":false},"excerpt":{"rendered":"<p>REdaccion Noticias Telered Las y los ciudadanos podr\u00e1n hacer sus compras y conseguir art\u00edculos de primera necesidad para la celebraci\u00f3n de Navidad y A\u00f1o Nuevo Por \u00fanica ocasi\u00f3n, el Mercado NLD abrir\u00e1 el jueves 24 y 31 de diciembre de [&hellip;]<\/p>\n","protected":false},"author":3,"featured_media":15003,"comment_status":"open","ping_status":"open","sticky":false,"template":"","format":"standard","meta":[],"categories":[63],"tags":[],"_links":{"self":[{"href":"http:\/\/noticiastelered.com\/PortalDNoticias\/wp-json\/wp\/v2\/posts\/15001"}],"collection":[{"href":"http:\/\/noticiastelered.com\/PortalDNoticias\/wp-json\/wp\/v2\/posts"}],"about":[{"href":"http:\/\/noticiastelered.com\/PortalDNoticias\/wp-json\/wp\/v2\/types\/post"}],"author":[{"embeddable":true,"href":"http:\/\/noticiastelered.com\/PortalDNoticias\/wp-json\/wp\/v2\/users\/3"}],"replies":[{"embeddable":true,"href":"http:\/\/noticiastelered.com\/PortalDNoticias\/wp-json\/wp\/v2\/comments?post=15001"}],"version-history":[{"count":1,"href":"http:\/\/noticiastelered.com\/PortalDNoticias\/wp-json\/wp\/v2\/posts\/15001\/revisions"}],"predecessor-version":[{"id":15004,"href":"http:\/\/noticiastelered.com\/PortalDNoticias\/wp-json\/wp\/v2\/posts\/15001\/revisions\/15004"}],"wp:featuredmedia":[{"embeddable":true,"href":"http:\/\/noticiastelered.com\/PortalDNoticias\/wp-json\/wp\/v2\/media\/15003"}],"wp:attachment":[{"href":"http:\/\/noticiastelered.com\/PortalDNoticias\/wp-json\/wp\/v2\/media?parent=15001"}],"wp:term":[{"taxonomy":"category","embeddable":true,"href":"http:\/\/noticiastelered.com\/PortalDNoticias\/wp-json\/wp\/v2\/categories?post=15001"},{"taxonomy":"post_tag","embeddable":true,"href":"http:\/\/noticiastelered.com\/PortalDNoticias\/wp-json\/wp\/v2\/tags?post=15001"}],"curies":[{"name":"wp","href":"https:\/\/api.w.org\/{rel}","templated":true}]}}