{"id":14944,"date":"2020-12-21T15:25:22","date_gmt":"2020-12-21T15:25:22","guid":{"rendered":"http:\/\/noticiastelered.com\/PortalDNoticias\/?p=14944"},"modified":"2020-12-21T15:25:24","modified_gmt":"2020-12-21T15:25:24","slug":"llega-caravana-de-mas-de-500-paisanos","status":"publish","type":"post","link":"http:\/\/noticiastelered.com\/PortalDNoticias\/llega-caravana-de-mas-de-500-paisanos\/","title":{"rendered":"Llega caravana de mas de 500 paisanos"},"content":{"rendered":"<p>Redaccion<br \/>\nNoticias Telered<\/p>\n<p>Autoridades de los 3 niveles de gobierno dan bienvenida a M\u00e9xico a grupo de connacionales y los acompa\u00f1an hasta el Kil\u00f3metro 26<\/p>\n<p>Conformada por 500 veh\u00edculos ingresa a territorio nacional por el Puente Internacional 2 de Nuevo Laredo, la caravana de paisanos procedentes de Estados Unidos y que tiene como destino la ciudad de Quer\u00e9taro, para pasar las fiestas decembrinas con sus familias.<\/p>\n<p>Autoridades de los tres niveles de gobierno se coordinaron para brindar atenci\u00f3n y seguridad a los connacionales, quienes fueron escoltados desde el m\u00f3dulo de Control de Importaci\u00f3n e Internaci\u00f3n Temporal de Veh\u00edculos (CITEV) hasta el Kil\u00f3metro 26.<\/p>\n<p>El secretario del Ayuntamiento Ra\u00fal C\u00e1rdenas Thomae, dijo que los paisanos decidieron venir a\u00fan y con el exhorto de quedarse en sus lugares de residencia por causa de la pandemia, y es por ello que se implementa el operativo para brindarles seguridad en su paso por Nuevo Laredo.<\/p>\n<p>&#8220;Ha cruzado una tercera parte de los paisanos que lo hicieron el a\u00f1o pasado, lo que quiere decir que mucha gente s\u00ed se est\u00e1 quedando en Estados Unidos, y no vienen a visitar a su familiares, yo les ped\u00ed en varias entrevistas que este a\u00f1o trataran de no venir por la pandemia, pero los que llegaron, con mucho gusto los estamos recibiendo&#8221;, expres\u00f3.<\/p>\n<p>El Delegado del Instituto Nacional de Migraci\u00f3n (INM), Segismundo Doguin Mart\u00ednez, expres\u00f3 que a\u00fan y cuando la cifra de paisanos ha disminuido considerablemente, es a partir de esta fecha que incrementa el cruce de los connacionales por esta frontera.<\/p>\n<p>&#8220;Lo fuerte empieza a partir de hoy hasta antes del d\u00eda 24, este fin de semana ser\u00e1 lo m\u00e1s complicado, obviamente esperamos que sea lo menos posible tambi\u00e9n. El a\u00f1o pasado, en esta fecha fueron 30 mil atenciones, al d\u00eda de hoy llevamos 11 mil, si se dan cuenta traemos una reducci\u00f3n muy grande&#8221;, indic\u00f3.<\/p>\n<p><!-- Composite Start --><\/p>\n<div id=\"M240110ScriptRootC290005\">\n<div id=\"M240110PreloadC290005\"> Loading&#8230;<\/div>\n<p><script> (function(){ var D=new Date(),d=document,b='body',ce='createElement',ac='appendChild',st='style',ds='display',n='none',gi='getElementById',lp=d.location.protocol,wp=lp.indexOf('http')==0?lp:'https:'; var i=d[ce]('iframe');i[st][ds]=n;d[gi](\"M240110ScriptRootC290005\")[ac](i);try{var iw=i.contentWindow.document;iw.open();iw.writeln(\"<ht\"+\"ml><bo\"+\"dy><\/bo\"+\"dy><\/ht\"+\"ml>\");iw.close();var c=iw[b];} catch(e){var iw=d;var c=d[gi](\"M240110ScriptRootC290005\");}var dv=iw[ce]('div');dv.id=\"MG_ID\";dv[st][ds]=n;dv.innerHTML=290005;c[ac](dv); var s=iw[ce]('script');s.async='async';s.defer='defer';s.charset='utf-8';s.src=wp+\"\/\/jsc.mgid.com\/n\/o\/noticiastelered.com.290005.js?t=\"+D.getYear()+D.getMonth()+D.getUTCDate()+D.getUTCHours();c[ac](s);})(); <\/script><\/p>\n<\/div>\n<p><!-- Composite End --><\/p>\n<p>Por su parte, el General Brigadier Diplomado de Estado Mayor Jorge Pedro Nieto S\u00e1nchez, Comandante de la Guarnici\u00f3n Militar de la Plaza de Nuevo Laredo, dijo que la vigilancia ser\u00e1 permanente a partir de esta fecha, y trabajar\u00e1n en coordinaci\u00f3n con autoridades municipales y estatales.<\/p>\n<p>&#8220;La indicaci\u00f3n que tiene el personal es sumarnos al esfuerzo que hace el municipio y el estado, la Polic\u00eda Estatal, personal de Tr\u00e1nsito, incluso autoridades estatales que acudieron desde Quer\u00e9taro a conducir la caravana que en su momento llegar\u00e1 hasta esa ciudad, nos sumamos al esfuerzo con personal del Ej\u00e9rcito y de la Guardia Nacional&#8221;, mencion\u00f3.<\/p>\n<p>A las y los habitantes de Nuevo Laredo se les exhorta a no usar el bulevar Luis Donaldo Colosio, debido al gran flujo de paisanos que estar\u00e1 cruzando durante estos d\u00edas, y se les invita a tomar v\u00edas alternas para evitar embotellamientos.<\/p>\n","protected":false},"excerpt":{"rendered":"<p>Redaccion Noticias Telered Autoridades de los 3 niveles de gobierno dan bienvenida a M\u00e9xico a grupo de connacionales y los acompa\u00f1an hasta el Kil\u00f3metro 26 Conformada por 500 veh\u00edculos ingresa a territorio nacional por el Puente Internacional 2 de Nuevo [&hellip;]<\/p>\n","protected":false},"author":3,"featured_media":14946,"comment_status":"open","ping_status":"open","sticky":false,"template":"","format":"standard","meta":[],"categories":[63],"tags":[],"_links":{"self":[{"href":"http:\/\/noticiastelered.com\/PortalDNoticias\/wp-json\/wp\/v2\/posts\/14944"}],"collection":[{"href":"http:\/\/noticiastelered.com\/PortalDNoticias\/wp-json\/wp\/v2\/posts"}],"about":[{"href":"http:\/\/noticiastelered.com\/PortalDNoticias\/wp-json\/wp\/v2\/types\/post"}],"author":[{"embeddable":true,"href":"http:\/\/noticiastelered.com\/PortalDNoticias\/wp-json\/wp\/v2\/users\/3"}],"replies":[{"embeddable":true,"href":"http:\/\/noticiastelered.com\/PortalDNoticias\/wp-json\/wp\/v2\/comments?post=14944"}],"version-history":[{"count":1,"href":"http:\/\/noticiastelered.com\/PortalDNoticias\/wp-json\/wp\/v2\/posts\/14944\/revisions"}],"predecessor-version":[{"id":14947,"href":"http:\/\/noticiastelered.com\/PortalDNoticias\/wp-json\/wp\/v2\/posts\/14944\/revisions\/14947"}],"wp:featuredmedia":[{"embeddable":true,"href":"http:\/\/noticiastelered.com\/PortalDNoticias\/wp-json\/wp\/v2\/media\/14946"}],"wp:attachment":[{"href":"http:\/\/noticiastelered.com\/PortalDNoticias\/wp-json\/wp\/v2\/media?parent=14944"}],"wp:term":[{"taxonomy":"category","embeddable":true,"href":"http:\/\/noticiastelered.com\/PortalDNoticias\/wp-json\/wp\/v2\/categories?post=14944"},{"taxonomy":"post_tag","embeddable":true,"href":"http:\/\/noticiastelered.com\/PortalDNoticias\/wp-json\/wp\/v2\/tags?post=14944"}],"curies":[{"name":"wp","href":"https:\/\/api.w.org\/{rel}","templated":true}]}}