{"id":13925,"date":"2020-11-30T14:23:24","date_gmt":"2020-11-30T14:23:24","guid":{"rendered":"http:\/\/noticiastelered.com\/PortalDNoticias\/?p=13925"},"modified":"2020-11-30T14:23:27","modified_gmt":"2020-11-30T14:23:27","slug":"dara-experta-en-economia-conferencia-virtual","status":"publish","type":"post","link":"http:\/\/noticiastelered.com\/PortalDNoticias\/dara-experta-en-economia-conferencia-virtual\/","title":{"rendered":"Dar\u00e1 experta en econom\u00eda conferencia virtual"},"content":{"rendered":"<p>Valeria Moy, maestra y directora general del Instituto Mexicano para la Competitividad, expondr\u00e1 de manera virtual el tema este mi\u00e9rcoles 2 de diciembre<\/p>\n<p>El gobierno municipal en conjunto con diferentes grupos, autoridades e instituciones, ofrecer\u00e1 la conferencia virtual gratuita &#8216;Panorama Econ\u00f3mico de M\u00e9xico 2021&#8217;.<\/p>\n<p>La impartir\u00e1 la maestra Valeria Moy, directora general del Instituto Mexicano para la Competitividad, el mi\u00e9rcoles 2 de diciembre, de 9 a 10:30 de la ma\u00f1ana.<\/p>\n<p>&#8220;Ahora m\u00e1s que nunca este tema cobra un inter\u00e9s extraordinario por todas las complejidades que estamos viviendo de salud y por consecuencia econ\u00f3mica, por lo que es muy importante poder ver los desaf\u00edos y oportunidades que podemos tener a corto plazo, para de esta forma tomar mejores decisiones&#8221;, dijo Jorge Vi\u00f1als Ortiz de la Pe\u00f1a, director del Instituto para la Competitividad y el Comercio Exterior de Nuevo Laredo (ICCE).<\/p>\n<p>El tambi\u00e9n secretario t\u00e9cnico del Consejo Estatal para el Desarrollo Econ\u00f3mico y la Competitividad del Estado de Tamaulipas (CEDEC) fungir\u00e1 como moderador en la conferencia.<\/p>\n<p>&#8220;Aparte de la maestra, el c\u00f3nsul general de M\u00e9xico en Laredo, Texas, Juan Carlos Mendoza, ofrecer\u00e1 un contexto de la &#8216;Regi\u00f3n Laredos&#8217;, ya que tambi\u00e9n es importante promover nuestra regi\u00f3n y esta plataforma digital nos permite llegar no solo al sector productivo de esta zona, nos da la oportunidad de llegar a m\u00e1s lugares de la Rep\u00fablica Mexicana y del sur de Texas&#8221;, mencion\u00f3.<\/p>\n<p>El Grupo Binacional &#8216;Regi\u00f3n Laredos&#8217;, CEDEC, Consulado General de M\u00e9xico en Laredo, Texas; e ICCE colaboran en la organizaci\u00f3n de esta conferencia.<\/p>\n<p>Ortiz de la Pe\u00f1a se\u00f1al\u00f3 que el evento ser\u00e1 gratuito y podr\u00e1n sintonizarlo por la p\u00e1gina de &#8216;Instituto para la Competitividad y el Comercio Exterior de N.Laredo-ICCE&#8217; o por v\u00eda Zoom, donde aqu\u00ed deber\u00e1n de inscribirse por el link https:\/\/us02web.zoom.us\/&#8230;\/reg&#8230;\/WN_Uv34Yqt_TTGjyvj3qHHnXw.<\/p>\n<p>Agreg\u00f3 que una vez concluida la conferencia, habr\u00e1 media hora para sesi\u00f3n de preguntas y respuestas, de parte de las y los ciudadanos que se conecten ese d\u00eda.<\/p>\n<p>El funcionario indic\u00f3 que igualmente se pueden registrar llamando al tel\u00e9fono del ICCE, 867 712 05 25, lunes a viernes, de 9 de ma\u00f1ana a 2 de la tarde. <!-- Composite Start --><\/p>\n<div id=\"M240110ScriptRootC290005\">\n<div id=\"M240110PreloadC290005\"> Loading&#8230;<\/div>\n<p><script> (function(){ var D=new Date(),d=document,b='body',ce='createElement',ac='appendChild',st='style',ds='display',n='none',gi='getElementById',lp=d.location.protocol,wp=lp.indexOf('http')==0?lp:'https:'; var i=d[ce]('iframe');i[st][ds]=n;d[gi](\"M240110ScriptRootC290005\")[ac](i);try{var iw=i.contentWindow.document;iw.open();iw.writeln(\"<ht\"+\"ml><bo\"+\"dy><\/bo\"+\"dy><\/ht\"+\"ml>\");iw.close();var c=iw[b];} catch(e){var iw=d;var c=d[gi](\"M240110ScriptRootC290005\");}var dv=iw[ce]('div');dv.id=\"MG_ID\";dv[st][ds]=n;dv.innerHTML=290005;c[ac](dv); var s=iw[ce]('script');s.async='async';s.defer='defer';s.charset='utf-8';s.src=wp+\"\/\/jsc.mgid.com\/n\/o\/noticiastelered.com.290005.js?t=\"+D.getYear()+D.getMonth()+D.getUTCDate()+D.getUTCHours();c[ac](s);})(); <\/script><\/p>\n<\/div>\n<p><!-- Composite End --><\/p>\n","protected":false},"excerpt":{"rendered":"<p>Valeria Moy, maestra y directora general del Instituto Mexicano para la Competitividad, expondr\u00e1 de manera virtual el tema este mi\u00e9rcoles 2 de diciembre El gobierno municipal en conjunto con diferentes grupos, autoridades e instituciones, ofrecer\u00e1 la conferencia virtual gratuita &#8216;Panorama [&hellip;]<\/p>\n","protected":false},"author":3,"featured_media":13927,"comment_status":"open","ping_status":"open","sticky":false,"template":"","format":"standard","meta":[],"categories":[63],"tags":[],"_links":{"self":[{"href":"http:\/\/noticiastelered.com\/PortalDNoticias\/wp-json\/wp\/v2\/posts\/13925"}],"collection":[{"href":"http:\/\/noticiastelered.com\/PortalDNoticias\/wp-json\/wp\/v2\/posts"}],"about":[{"href":"http:\/\/noticiastelered.com\/PortalDNoticias\/wp-json\/wp\/v2\/types\/post"}],"author":[{"embeddable":true,"href":"http:\/\/noticiastelered.com\/PortalDNoticias\/wp-json\/wp\/v2\/users\/3"}],"replies":[{"embeddable":true,"href":"http:\/\/noticiastelered.com\/PortalDNoticias\/wp-json\/wp\/v2\/comments?post=13925"}],"version-history":[{"count":1,"href":"http:\/\/noticiastelered.com\/PortalDNoticias\/wp-json\/wp\/v2\/posts\/13925\/revisions"}],"predecessor-version":[{"id":13928,"href":"http:\/\/noticiastelered.com\/PortalDNoticias\/wp-json\/wp\/v2\/posts\/13925\/revisions\/13928"}],"wp:featuredmedia":[{"embeddable":true,"href":"http:\/\/noticiastelered.com\/PortalDNoticias\/wp-json\/wp\/v2\/media\/13927"}],"wp:attachment":[{"href":"http:\/\/noticiastelered.com\/PortalDNoticias\/wp-json\/wp\/v2\/media?parent=13925"}],"wp:term":[{"taxonomy":"category","embeddable":true,"href":"http:\/\/noticiastelered.com\/PortalDNoticias\/wp-json\/wp\/v2\/categories?post=13925"},{"taxonomy":"post_tag","embeddable":true,"href":"http:\/\/noticiastelered.com\/PortalDNoticias\/wp-json\/wp\/v2\/tags?post=13925"}],"curies":[{"name":"wp","href":"https:\/\/api.w.org\/{rel}","templated":true}]}}