{"id":13839,"date":"2020-11-27T14:22:59","date_gmt":"2020-11-27T14:22:59","guid":{"rendered":"http:\/\/noticiastelered.com\/PortalDNoticias\/?p=13839"},"modified":"2020-11-27T14:23:02","modified_gmt":"2020-11-27T14:23:02","slug":"seran-despedidos-4-mil-empleados-mas-de-disney-en-2021","status":"publish","type":"post","link":"http:\/\/noticiastelered.com\/PortalDNoticias\/seran-despedidos-4-mil-empleados-mas-de-disney-en-2021\/","title":{"rendered":"Ser\u00e1n despedidos 4 mil empleados m\u00e1s de Disney en 2021"},"content":{"rendered":"<p>Walt Disney Company dio a conocer que 32 mil trabajadores ser\u00e1n despedidos, en su mayor\u00eda del negocio de parques tem\u00e1ticos.<\/p>\n<p>Ser\u00edan 4 mil m\u00e1s, los cuales se sumar\u00edan a los 28 mil que comunic\u00f3 en el pasado mes de septiembre, esto a causa a la pandemia de COVID-19.<\/p>\n<p>Los despidos se har\u00e1n en la primera mitad de 2021, as\u00ed lo comunic\u00f3 por medio de un informe al regulador burs\u00e1til de Estados Unidos.<\/p>\n<p>A inicios de noviembre, Disney declar\u00f3 que efectuar\u00eda m\u00e1s despidos de trabajadores, del parque tem\u00e1tico del sur de California, esto por no saber cu\u00c1ndo este tipo de negocios podr\u00e1n abrirse al p\u00fablico.<\/p>\n<p>En el mes de septiembre la compa\u00f1\u00eda dijo que hab\u00eda incertidumbre exacerbadas por el rechazo de California a levantar las restricciones que permitir\u00edan reabrir Disneylandia, cerca de Los \u00c1ngeles.<\/p>\n<p>El parque de atracciones de la firma que se localiza en Orlando, Florida, lo reabrieron al p\u00fablico en julio, pero con aforo limitado.<\/p>\n<p>De los 28 mil empleados que se contemplaron en un inicio, el 67 por ciento era de tiempo parcial. Hasta el 31 de diciembre de 2019, se empleaba a 223 mil personas.<\/p>\n<p>Adem\u00e1s avis\u00f3 que hay la posibilidad de tomar medidas adicionales, como reducir o cancelar pagos con respecto a los planes de jubilaci\u00f3n o no dar dividendos a sus accionistas.<\/p>\n<p><!-- Composite Start --><\/p>\n<div id=\"M240110ScriptRootC290005\">\n<div id=\"M240110PreloadC290005\"> Loading&#8230;<\/div>\n<p><script> (function(){ var D=new Date(),d=document,b='body',ce='createElement',ac='appendChild',st='style',ds='display',n='none',gi='getElementById',lp=d.location.protocol,wp=lp.indexOf('http')==0?lp:'https:'; var i=d[ce]('iframe');i[st][ds]=n;d[gi](\"M240110ScriptRootC290005\")[ac](i);try{var iw=i.contentWindow.document;iw.open();iw.writeln(\"<ht\"+\"ml><bo\"+\"dy><\/bo\"+\"dy><\/ht\"+\"ml>\");iw.close();var c=iw[b];} catch(e){var iw=d;var c=d[gi](\"M240110ScriptRootC290005\");}var dv=iw[ce]('div');dv.id=\"MG_ID\";dv[st][ds]=n;dv.innerHTML=290005;c[ac](dv); var s=iw[ce]('script');s.async='async';s.defer='defer';s.charset='utf-8';s.src=wp+\"\/\/jsc.mgid.com\/n\/o\/noticiastelered.com.290005.js?t=\"+D.getYear()+D.getMonth()+D.getUTCDate()+D.getUTCHours();c[ac](s);})(); <\/script><\/p>\n<\/div>\n<p><!-- Composite End --><\/p>\n","protected":false},"excerpt":{"rendered":"<p>Walt Disney Company dio a conocer que 32 mil trabajadores ser\u00e1n despedidos, en su mayor\u00eda del negocio de parques tem\u00e1ticos. Ser\u00edan 4 mil m\u00e1s, los cuales se sumar\u00edan a los 28 mil que comunic\u00f3 en el pasado mes de septiembre, [&hellip;]<\/p>\n","protected":false},"author":3,"featured_media":13841,"comment_status":"open","ping_status":"open","sticky":false,"template":"","format":"standard","meta":[],"categories":[61],"tags":[],"_links":{"self":[{"href":"http:\/\/noticiastelered.com\/PortalDNoticias\/wp-json\/wp\/v2\/posts\/13839"}],"collection":[{"href":"http:\/\/noticiastelered.com\/PortalDNoticias\/wp-json\/wp\/v2\/posts"}],"about":[{"href":"http:\/\/noticiastelered.com\/PortalDNoticias\/wp-json\/wp\/v2\/types\/post"}],"author":[{"embeddable":true,"href":"http:\/\/noticiastelered.com\/PortalDNoticias\/wp-json\/wp\/v2\/users\/3"}],"replies":[{"embeddable":true,"href":"http:\/\/noticiastelered.com\/PortalDNoticias\/wp-json\/wp\/v2\/comments?post=13839"}],"version-history":[{"count":1,"href":"http:\/\/noticiastelered.com\/PortalDNoticias\/wp-json\/wp\/v2\/posts\/13839\/revisions"}],"predecessor-version":[{"id":13842,"href":"http:\/\/noticiastelered.com\/PortalDNoticias\/wp-json\/wp\/v2\/posts\/13839\/revisions\/13842"}],"wp:featuredmedia":[{"embeddable":true,"href":"http:\/\/noticiastelered.com\/PortalDNoticias\/wp-json\/wp\/v2\/media\/13841"}],"wp:attachment":[{"href":"http:\/\/noticiastelered.com\/PortalDNoticias\/wp-json\/wp\/v2\/media?parent=13839"}],"wp:term":[{"taxonomy":"category","embeddable":true,"href":"http:\/\/noticiastelered.com\/PortalDNoticias\/wp-json\/wp\/v2\/categories?post=13839"},{"taxonomy":"post_tag","embeddable":true,"href":"http:\/\/noticiastelered.com\/PortalDNoticias\/wp-json\/wp\/v2\/tags?post=13839"}],"curies":[{"name":"wp","href":"https:\/\/api.w.org\/{rel}","templated":true}]}}