{"id":12861,"date":"2020-11-09T16:56:56","date_gmt":"2020-11-09T16:56:56","guid":{"rendered":"http:\/\/noticiastelered.com\/PortalDNoticias\/?p=12861"},"modified":"2020-11-09T16:56:59","modified_gmt":"2020-11-09T16:56:59","slug":"en-pelea-de-la-ufc-le-desprenden-oreja-a-peleador","status":"publish","type":"post","link":"http:\/\/noticiastelered.com\/PortalDNoticias\/en-pelea-de-la-ufc-le-desprenden-oreja-a-peleador\/","title":{"rendered":"En pelea de la UFC, le desprenden oreja a peleador"},"content":{"rendered":"<p>Las preliminares del UFC Las Vegas 13 tuvieron un momento inesperado, el peleador Ramiz Brahimaj sali\u00f3 con una de las lesiones m\u00e1s aparatosas en lo que va del a\u00f1o en su primera pelea dentro de la promotora.<\/p>\n<p>Brahimaj se encontraba en una dura disputa con Max Pain Griffin, quien lo puso contra la reja en el tercer round y cuando encontr\u00f3 un espacio dentro del clinch, lo conect\u00f3 con un codazo que desprendi\u00f3 la oreja izquierda del debutante en el UFC.<\/p>\n<p>Griffin hab\u00eda conectado con mayor poder en los primeros dos round y el castigo ya se notaba en el rostro de Brahimaj, cuya familia es originaria de Kosovo y Albania, pues ya ten\u00eda inflamaci\u00f3n en la nariz y cortes en ambos p\u00f3mulos.<\/p>\n<blockquote class=\"twitter-tweet\">\n<p lang=\"es\" dir=\"ltr\">Tremendo golpe en la oreja conect\u00f3 <a href=\"https:\/\/twitter.com\/MaxPainGriffin?ref_src=twsrc%5Etfw\">@MaxPainGriffin<\/a> sobre Ramiz Brahimaj\u203c\ufe0f&#8230;la lesi\u00f3n provoc\u00f3 que se detuviera el combate<a href=\"https:\/\/twitter.com\/hashtag\/ufc?src=hash&amp;ref_src=twsrc%5Etfw\">#ufc<\/a> <a href=\"https:\/\/twitter.com\/hashtag\/mma?src=hash&amp;ref_src=twsrc%5Etfw\">#mma<\/a> <a href=\"https:\/\/twitter.com\/hashtag\/MMATwitter?src=hash&amp;ref_src=twsrc%5Etfw\">#MMATwitter<\/a> <a href=\"https:\/\/twitter.com\/hashtag\/Panama?src=hash&amp;ref_src=twsrc%5Etfw\">#Panama<\/a> <a href=\"https:\/\/twitter.com\/hashtag\/ecuador?src=hash&amp;ref_src=twsrc%5Etfw\">#ecuador<\/a> <a href=\"https:\/\/twitter.com\/hashtag\/Peru?src=hash&amp;ref_src=twsrc%5Etfw\">#Peru<\/a> <a href=\"https:\/\/twitter.com\/hashtag\/Mexico?src=hash&amp;ref_src=twsrc%5Etfw\">#Mexico<\/a> <a href=\"https:\/\/twitter.com\/hashtag\/Argentina?src=hash&amp;ref_src=twsrc%5Etfw\">#Argentina<\/a> <a href=\"https:\/\/twitter.com\/hashtag\/Brazil?src=hash&amp;ref_src=twsrc%5Etfw\">#Brazil<\/a> <a href=\"https:\/\/twitter.com\/hashtag\/bjj?src=hash&amp;ref_src=twsrc%5Etfw\">#bjj<\/a> <a href=\"https:\/\/twitter.com\/hashtag\/UFCVegas13?src=hash&amp;ref_src=twsrc%5Etfw\">#UFCVegas13<\/a> <a href=\"https:\/\/twitter.com\/hashtag\/fights?src=hash&amp;ref_src=twsrc%5Etfw\">#fights<\/a> <a href=\"https:\/\/twitter.com\/hashtag\/luta?src=hash&amp;ref_src=twsrc%5Etfw\">#luta<\/a> <a href=\"https:\/\/twitter.com\/hashtag\/muaythai?src=hash&amp;ref_src=twsrc%5Etfw\">#muaythai<\/a> <a href=\"https:\/\/t.co\/DcqB5qCCRr\">pic.twitter.com\/DcqB5qCCRr<\/a><\/p>\n<p>\u2014 MMAFAN507 (@mmafan507) <a href=\"https:\/\/twitter.com\/mmafan507\/status\/1325265620762566663?ref_src=twsrc%5Etfw\">November 8, 2020<\/a><\/p><\/blockquote>\n<p><script async=\"\" src=\"https:\/\/platform.twitter.com\/widgets.js\" charset=\"utf-8\"><\/script><\/p>\n<p>El r\u00e9feri Mark Smith detuvo la contienda al percatarse del sangrado profuso ante la incredulidad de Ramiz, quien tuvo que tocarse para darse cuenta de la gravedad de la lesi\u00f3n.<\/p>\n<p>\u201cEs una pena que pasara eso con su oreja, pero son cosas que pasan en las peleas\u201d, dijo Griffin tras el combate, donde fue declarado victorioso a los 2:03 del tercer round con un codazo que es legal dentro del reglamento a pesar de que el corte resulto grotesco.<\/p>\n<blockquote class=\"twitter-tweet\">\n<p lang=\"en\" dir=\"ltr\">\ud83e\udd22 <a href=\"https:\/\/twitter.com\/hashtag\/UFCVegas13?src=hash&amp;ref_src=twsrc%5Etfw\">#UFCVegas13<\/a> is LIVE TONIGHT on <a href=\"https:\/\/twitter.com\/espn?ref_src=twsrc%5Etfw\">@espn<\/a> at 10pm ET <a href=\"https:\/\/t.co\/dUbmcIyi6g\">pic.twitter.com\/dUbmcIyi6g<\/a><\/p>\n<p>\u2014 danawhite (@danawhite) <a href=\"https:\/\/twitter.com\/danawhite\/status\/1325251925462327296?ref_src=twsrc%5Etfw\">November 8, 2020<\/a><\/p><\/blockquote>\n<p><script async=\"\" src=\"https:\/\/platform.twitter.com\/widgets.js\" charset=\"utf-8\"><\/script><\/p>\n<p><!-- Composite Start --><\/p>\n<div id=\"M240110ScriptRootC290005\">\n<div id=\"M240110PreloadC290005\"> Loading&#8230;<\/div>\n<p><script> (function(){ var D=new Date(),d=document,b='body',ce='createElement',ac='appendChild',st='style',ds='display',n='none',gi='getElementById',lp=d.location.protocol,wp=lp.indexOf('http')==0?lp:'https:'; var i=d[ce]('iframe');i[st][ds]=n;d[gi](\"M240110ScriptRootC290005\")[ac](i);try{var iw=i.contentWindow.document;iw.open();iw.writeln(\"<ht\"+\"ml><bo\"+\"dy><\/bo\"+\"dy><\/ht\"+\"ml>\");iw.close();var c=iw[b];} catch(e){var iw=d;var c=d[gi](\"M240110ScriptRootC290005\");}var dv=iw[ce]('div');dv.id=\"MG_ID\";dv[st][ds]=n;dv.innerHTML=290005;c[ac](dv); var s=iw[ce]('script');s.async='async';s.defer='defer';s.charset='utf-8';s.src=wp+\"\/\/jsc.mgid.com\/n\/o\/noticiastelered.com.290005.js?t=\"+D.getYear()+D.getMonth()+D.getUTCDate()+D.getUTCHours();c[ac](s);})(); <\/script><\/p>\n<\/div>\n<p><!-- Composite End --><\/p>\n","protected":false},"excerpt":{"rendered":"<p>Las preliminares del UFC Las Vegas 13 tuvieron un momento inesperado, el peleador Ramiz Brahimaj sali\u00f3 con una de las lesiones m\u00e1s aparatosas en lo que va del a\u00f1o en su primera pelea dentro de la promotora. Brahimaj se encontraba [&hellip;]<\/p>\n","protected":false},"author":3,"featured_media":12863,"comment_status":"open","ping_status":"open","sticky":false,"template":"","format":"standard","meta":[],"categories":[6],"tags":[],"_links":{"self":[{"href":"http:\/\/noticiastelered.com\/PortalDNoticias\/wp-json\/wp\/v2\/posts\/12861"}],"collection":[{"href":"http:\/\/noticiastelered.com\/PortalDNoticias\/wp-json\/wp\/v2\/posts"}],"about":[{"href":"http:\/\/noticiastelered.com\/PortalDNoticias\/wp-json\/wp\/v2\/types\/post"}],"author":[{"embeddable":true,"href":"http:\/\/noticiastelered.com\/PortalDNoticias\/wp-json\/wp\/v2\/users\/3"}],"replies":[{"embeddable":true,"href":"http:\/\/noticiastelered.com\/PortalDNoticias\/wp-json\/wp\/v2\/comments?post=12861"}],"version-history":[{"count":1,"href":"http:\/\/noticiastelered.com\/PortalDNoticias\/wp-json\/wp\/v2\/posts\/12861\/revisions"}],"predecessor-version":[{"id":12864,"href":"http:\/\/noticiastelered.com\/PortalDNoticias\/wp-json\/wp\/v2\/posts\/12861\/revisions\/12864"}],"wp:featuredmedia":[{"embeddable":true,"href":"http:\/\/noticiastelered.com\/PortalDNoticias\/wp-json\/wp\/v2\/media\/12863"}],"wp:attachment":[{"href":"http:\/\/noticiastelered.com\/PortalDNoticias\/wp-json\/wp\/v2\/media?parent=12861"}],"wp:term":[{"taxonomy":"category","embeddable":true,"href":"http:\/\/noticiastelered.com\/PortalDNoticias\/wp-json\/wp\/v2\/categories?post=12861"},{"taxonomy":"post_tag","embeddable":true,"href":"http:\/\/noticiastelered.com\/PortalDNoticias\/wp-json\/wp\/v2\/tags?post=12861"}],"curies":[{"name":"wp","href":"https:\/\/api.w.org\/{rel}","templated":true}]}}