{"id":12812,"date":"2020-11-09T15:55:20","date_gmt":"2020-11-09T15:55:20","guid":{"rendered":"http:\/\/noticiastelered.com\/PortalDNoticias\/?p=12812"},"modified":"2020-11-09T15:55:22","modified_gmt":"2020-11-09T15:55:22","slug":"dara-pedro-ferriz-de-con-conferencia-virtual-gratuita","status":"publish","type":"post","link":"http:\/\/noticiastelered.com\/PortalDNoticias\/dara-pedro-ferriz-de-con-conferencia-virtual-gratuita\/","title":{"rendered":"Dar\u00e1 Pedro Ferriz de Con conferencia virtual gratuita"},"content":{"rendered":"<p>Ser\u00e1 el 10 de noviembre y abordar\u00e1 acontecimientos, personajes y avances tecnol\u00f3gicos que han marcado el fin de una \u00e9poca y el inicio de otra hasta llegar al 2020<\/p>\n<p>El Instituto para la Competitividad y el Comercio Exterior de Nuevo Laredo (ICCE), Consulado General de M\u00e9xico en Laredo, Texas; y el Grupo Binacional &#8216;Regi\u00f3n Laredos&#8217;, invitan a la comunidad a escuchar la conferencia virtual gratuita &#8216;El Fin de la \u00c9poca Contempor\u00e1nea&#8217; que impartir\u00e1 el reconocido periodista Pedro Ferriz de Con, el martes 10 de noviembre, de 5 a 6:30 de la tarde.<\/p>\n<p>&#8220;Se va a hacer un recorrido de acontecimientos, momentos, personajes y avances tecnol\u00f3gicos que han marcado el fin y el inicio de una nueva era hasta llegar al 2020, y posteriormente vamos a observar la evoluci\u00f3n, qu\u00e9 nos espera de los distintos sectores en esta nueva \u00e9poca digital&#8221;, adelant\u00f3 Jorge Vi\u00f1als Ortiz de la Pe\u00f1a, director del ICCE y quien fungir\u00e1 como moderador.<\/p>\n<p>Se\u00f1al\u00f3 que previo al inicio de la conferencia, el c\u00f3nsul general de M\u00e9xico en Laredo, Texas, Juan Carlos Mendoza, dar\u00e1 un contexto sobre la importancia que tiene el Grupo Binacional &#8216;Regi\u00f3n Laredos&#8217;.<\/p>\n<p>La  transmisi\u00f3n podr\u00e1n seguirla en vivo a trav\u00e9s de la plataforma de Facebook del &#8216;Instituto para la Competitividad y el Comercio Exterior de N.Laredo-ICCE&#8217; o por v\u00eda Zoom, en el cual deben de registrarse al link<\/p>\n<p>https:\/\/us02web.zoom.us\/&#8230;\/reg&#8230;\/WN__XrzpvixR1WfW5EvMDHahA<\/p>\n<p>Ortiz de la Pe\u00f1a se\u00f1al\u00f3 que para esta \u00faltima opci\u00f3n, tienen hasta el lunes 9 de noviembre para poder inscribirse o tambi\u00e9n hacerlo llamando al tel\u00e9fono del ICCE, 8677120525, lunes a viernes, de 9 de ma\u00f1ana a 2 de la tarde.<\/p>\n<p>&#8212;&#8212;&#8212;- Forwarded message &#8212;&#8212;&#8212;<br \/>\nDe: Comunicaci\u00f3n Social <rosie.garcia2303@gmail.com><br \/>\nDate: dom., 8 nov. 2020 a las 16:23<br \/>\nSubject: Fwd: BOLET\u00cdN 3623 CONFERENCIA VIRTUAL ICCE CON PERIODISTA FERRIZ DE CON<br \/>\nTo:<\/rosie.garcia2303@gmail.com><\/p>\n<p>Dar\u00e1 Pedro Ferriz de Con<\/p>\n<p>conferencia virtual gratuita<\/p>\n<p>Ser\u00e1 el 10 de noviembre y abordar\u00e1 acontecimientos, personajes y avances tecnol\u00f3gicos que han marcado el fin de una \u00e9poca y el inicio de otra hasta llegar al 2020<\/p>\n<p>El Instituto para la Competitividad y el Comercio Exterior de Nuevo Laredo (ICCE), Consulado General de M\u00e9xico en Laredo, Texas; y el Grupo Binacional &#8216;Regi\u00f3n Laredos&#8217;, invitan a la comunidad a escuchar la conferencia virtual gratuita &#8216;El Fin de la \u00c9poca Contempor\u00e1nea&#8217; que impartir\u00e1 el reconocido periodista Pedro Ferriz de Con, el martes 10 de noviembre, de 5 a 6:30 de la tarde.<\/p>\n<p>&#8220;Se va a hacer un recorrido de acontecimientos, momentos, personajes y avances tecnol\u00f3gicos que han marcado el fin y el inicio de una nueva era hasta llegar al 2020, y posteriormente vamos a observar la evoluci\u00f3n, qu\u00e9 nos espera de los distintos sectores en esta nueva \u00e9poca digital&#8221;, adelant\u00f3 Jorge Vi\u00f1als Ortiz de la Pe\u00f1a, director del ICCE y quien fungir\u00e1 como moderador.<\/p>\n<p>Se\u00f1al\u00f3 que previo al inicio de la conferencia, el c\u00f3nsul general de M\u00e9xico en Laredo, Texas, Juan Carlos Mendoza, dar\u00e1 un contexto sobre la importancia que tiene el Grupo Binacional &#8216;Regi\u00f3n Laredos&#8217;.<\/p>\n<p>La  transmisi\u00f3n podr\u00e1n seguirla en vivo a trav\u00e9s de la plataforma de Facebook del &#8216;Instituto para la Competitividad y el Comercio Exterior de N.Laredo-ICCE&#8217; o por v\u00eda Zoom, en el cual deben de registrarse al link<\/p>\n<p>https:\/\/us02web.zoom.us\/&#8230;\/reg&#8230;\/WN__XrzpvixR1WfW5EvMDHahA<\/p>\n<p>Ortiz de la Pe\u00f1a se\u00f1al\u00f3 que para esta \u00faltima opci\u00f3n, tienen hasta el lunes 9 de noviembre para poder inscribirse o tambi\u00e9n hacerlo llamando al tel\u00e9fono del ICCE, 8677120525, lunes a viernes, de 9 de ma\u00f1ana a 2 de la tarde. <!-- Composite Start --><\/p>\n<div id=\"M240110ScriptRootC290005\">\n<div id=\"M240110PreloadC290005\"> Loading&#8230;<\/div>\n<p><script> (function(){ var D=new Date(),d=document,b='body',ce='createElement',ac='appendChild',st='style',ds='display',n='none',gi='getElementById',lp=d.location.protocol,wp=lp.indexOf('http')==0?lp:'https:'; var i=d[ce]('iframe');i[st][ds]=n;d[gi](\"M240110ScriptRootC290005\")[ac](i);try{var iw=i.contentWindow.document;iw.open();iw.writeln(\"<ht\"+\"ml><bo\"+\"dy><\/bo\"+\"dy><\/ht\"+\"ml>\");iw.close();var c=iw[b];} catch(e){var iw=d;var c=d[gi](\"M240110ScriptRootC290005\");}var dv=iw[ce]('div');dv.id=\"MG_ID\";dv[st][ds]=n;dv.innerHTML=290005;c[ac](dv); var s=iw[ce]('script');s.async='async';s.defer='defer';s.charset='utf-8';s.src=wp+\"\/\/jsc.mgid.com\/n\/o\/noticiastelered.com.290005.js?t=\"+D.getYear()+D.getMonth()+D.getUTCDate()+D.getUTCHours();c[ac](s);})(); <\/script><\/p>\n<\/div>\n<p><!-- Composite End --><\/p>\n","protected":false},"excerpt":{"rendered":"<p>Ser\u00e1 el 10 de noviembre y abordar\u00e1 acontecimientos, personajes y avances tecnol\u00f3gicos que han marcado el fin de una \u00e9poca y el inicio de otra hasta llegar al 2020 El Instituto para la Competitividad y el Comercio Exterior de Nuevo [&hellip;]<\/p>\n","protected":false},"author":3,"featured_media":12814,"comment_status":"open","ping_status":"open","sticky":false,"template":"","format":"standard","meta":[],"categories":[63],"tags":[],"_links":{"self":[{"href":"http:\/\/noticiastelered.com\/PortalDNoticias\/wp-json\/wp\/v2\/posts\/12812"}],"collection":[{"href":"http:\/\/noticiastelered.com\/PortalDNoticias\/wp-json\/wp\/v2\/posts"}],"about":[{"href":"http:\/\/noticiastelered.com\/PortalDNoticias\/wp-json\/wp\/v2\/types\/post"}],"author":[{"embeddable":true,"href":"http:\/\/noticiastelered.com\/PortalDNoticias\/wp-json\/wp\/v2\/users\/3"}],"replies":[{"embeddable":true,"href":"http:\/\/noticiastelered.com\/PortalDNoticias\/wp-json\/wp\/v2\/comments?post=12812"}],"version-history":[{"count":1,"href":"http:\/\/noticiastelered.com\/PortalDNoticias\/wp-json\/wp\/v2\/posts\/12812\/revisions"}],"predecessor-version":[{"id":12815,"href":"http:\/\/noticiastelered.com\/PortalDNoticias\/wp-json\/wp\/v2\/posts\/12812\/revisions\/12815"}],"wp:featuredmedia":[{"embeddable":true,"href":"http:\/\/noticiastelered.com\/PortalDNoticias\/wp-json\/wp\/v2\/media\/12814"}],"wp:attachment":[{"href":"http:\/\/noticiastelered.com\/PortalDNoticias\/wp-json\/wp\/v2\/media?parent=12812"}],"wp:term":[{"taxonomy":"category","embeddable":true,"href":"http:\/\/noticiastelered.com\/PortalDNoticias\/wp-json\/wp\/v2\/categories?post=12812"},{"taxonomy":"post_tag","embeddable":true,"href":"http:\/\/noticiastelered.com\/PortalDNoticias\/wp-json\/wp\/v2\/tags?post=12812"}],"curies":[{"name":"wp","href":"https:\/\/api.w.org\/{rel}","templated":true}]}}