{"id":12808,"date":"2020-11-09T15:54:19","date_gmt":"2020-11-09T15:54:19","guid":{"rendered":"http:\/\/noticiastelered.com\/PortalDNoticias\/?p=12808"},"modified":"2020-11-09T15:54:21","modified_gmt":"2020-11-09T15:54:21","slug":"inicia-hoy-el-buen-fin","status":"publish","type":"post","link":"http:\/\/noticiastelered.com\/PortalDNoticias\/inicia-hoy-el-buen-fin\/","title":{"rendered":"Inicia hoy el \u2018Buen Fin\u2019"},"content":{"rendered":"<p>Redaccion<br \/>\nNoticias Telered<\/p>\n<p>Este lunes 9 de noviembre inicia  la jornada de descuentos en productos y servicios y concluir\u00e1 el viernes 20 de noviembre<\/p>\n<p>Este lunes 9 de noviembre, el gobierno municipal y la C\u00e1mara Nacional de Comercio Servicios y Turismo de Nuevo Laredo (CANACO) dar\u00e1n el banderazo oficial de arranque para el &#8216;Buen Fin&#8217;, que concluir\u00e1 el viernes 20 de noviembre.<\/p>\n<p>Gerardo Trevi\u00f1o Guzm\u00e1n, director de Promoci\u00f3n de Empleo y MYPYMES de la Secretar\u00eda de Desarrollo Econ\u00f3mico de Nuevo Laredo, indic\u00f3 que la ceremonia se realizar\u00e1 en las instalaciones del Centro Comercial Paseo Reforma a partir de las 9 de la ma\u00f1ana, y se efectuar\u00e1 con total cumplimiento de las medidas sanitarias del Covid-19.<\/p>\n<p>&#8220;Este a\u00f1o nos toca en plena pandemia, por lo que para los negocios va a ser muy redituable, que las personas salgan, consuman y que aprovechen los descuentos, pero igualmente piensen lo que van a comprar&#8221;, dijo Trevi\u00f1o Guzm\u00e1n.<\/p>\n<p>Se\u00f1al\u00f3 que de acuerdo con el reporte presentado por la CANACO, se registraron cerca de 900 negocios de diferentes giros, cuyo \u00faltimo d\u00eda fue el viernes 6 de noviembre.<\/p>\n<p>Aunque el funcionario manifest\u00f3 que los comercios interesados a\u00fan tienen oportunidad de inscribirse a trav\u00e9s del portal elbuenfin.org hasta el viernes 20 de noviembre, pero si se registran antes del domingo 8 de noviembre, tendr\u00e1n derecho de participar en el &#8216;Sorteo El Buen Fin&#8217;.<\/p>\n<p>Esta ser\u00e1 la d\u00e9cima edici\u00f3n del &#8216;Buen Fin&#8217;, que inici\u00f3 oficialmente en 2011. <!-- Composite Start --><\/p>\n<div id=\"M240110ScriptRootC290005\">\n<div id=\"M240110PreloadC290005\"> Loading&#8230;<\/div>\n<p><script> (function(){ var D=new Date(),d=document,b='body',ce='createElement',ac='appendChild',st='style',ds='display',n='none',gi='getElementById',lp=d.location.protocol,wp=lp.indexOf('http')==0?lp:'https:'; var i=d[ce]('iframe');i[st][ds]=n;d[gi](\"M240110ScriptRootC290005\")[ac](i);try{var iw=i.contentWindow.document;iw.open();iw.writeln(\"<ht\"+\"ml><bo\"+\"dy><\/bo\"+\"dy><\/ht\"+\"ml>\");iw.close();var c=iw[b];} catch(e){var iw=d;var c=d[gi](\"M240110ScriptRootC290005\");}var dv=iw[ce]('div');dv.id=\"MG_ID\";dv[st][ds]=n;dv.innerHTML=290005;c[ac](dv); var s=iw[ce]('script');s.async='async';s.defer='defer';s.charset='utf-8';s.src=wp+\"\/\/jsc.mgid.com\/n\/o\/noticiastelered.com.290005.js?t=\"+D.getYear()+D.getMonth()+D.getUTCDate()+D.getUTCHours();c[ac](s);})(); <\/script><\/p>\n<\/div>\n<p><!-- Composite End --><\/p>\n","protected":false},"excerpt":{"rendered":"<p>Redaccion Noticias Telered Este lunes 9 de noviembre inicia la jornada de descuentos en productos y servicios y concluir\u00e1 el viernes 20 de noviembre Este lunes 9 de noviembre, el gobierno municipal y la C\u00e1mara Nacional de Comercio Servicios y [&hellip;]<\/p>\n","protected":false},"author":3,"featured_media":12810,"comment_status":"open","ping_status":"open","sticky":false,"template":"","format":"standard","meta":[],"categories":[63],"tags":[],"_links":{"self":[{"href":"http:\/\/noticiastelered.com\/PortalDNoticias\/wp-json\/wp\/v2\/posts\/12808"}],"collection":[{"href":"http:\/\/noticiastelered.com\/PortalDNoticias\/wp-json\/wp\/v2\/posts"}],"about":[{"href":"http:\/\/noticiastelered.com\/PortalDNoticias\/wp-json\/wp\/v2\/types\/post"}],"author":[{"embeddable":true,"href":"http:\/\/noticiastelered.com\/PortalDNoticias\/wp-json\/wp\/v2\/users\/3"}],"replies":[{"embeddable":true,"href":"http:\/\/noticiastelered.com\/PortalDNoticias\/wp-json\/wp\/v2\/comments?post=12808"}],"version-history":[{"count":1,"href":"http:\/\/noticiastelered.com\/PortalDNoticias\/wp-json\/wp\/v2\/posts\/12808\/revisions"}],"predecessor-version":[{"id":12811,"href":"http:\/\/noticiastelered.com\/PortalDNoticias\/wp-json\/wp\/v2\/posts\/12808\/revisions\/12811"}],"wp:featuredmedia":[{"embeddable":true,"href":"http:\/\/noticiastelered.com\/PortalDNoticias\/wp-json\/wp\/v2\/media\/12810"}],"wp:attachment":[{"href":"http:\/\/noticiastelered.com\/PortalDNoticias\/wp-json\/wp\/v2\/media?parent=12808"}],"wp:term":[{"taxonomy":"category","embeddable":true,"href":"http:\/\/noticiastelered.com\/PortalDNoticias\/wp-json\/wp\/v2\/categories?post=12808"},{"taxonomy":"post_tag","embeddable":true,"href":"http:\/\/noticiastelered.com\/PortalDNoticias\/wp-json\/wp\/v2\/tags?post=12808"}],"curies":[{"name":"wp","href":"https:\/\/api.w.org\/{rel}","templated":true}]}}