{"id":12805,"date":"2020-11-09T15:41:02","date_gmt":"2020-11-09T15:41:02","guid":{"rendered":"http:\/\/noticiastelered.com\/PortalDNoticias\/?p=12805"},"modified":"2020-11-09T15:41:04","modified_gmt":"2020-11-09T15:41:04","slug":"el-tamano-de-los-gobernadores-aliancistas","status":"publish","type":"post","link":"http:\/\/noticiastelered.com\/PortalDNoticias\/el-tamano-de-los-gobernadores-aliancistas\/","title":{"rendered":"EL TAMA\u00d1O DE LOS GOBERNADORES ALIANCISTAS"},"content":{"rendered":"<p>EL FRANCOTIRADOR<br \/>\nPor \u00d3scar Jim\u00e9nez<\/p>\n<p>La Alianza federalista dio un paso<br \/>\nadelante para \u201cJuntos y Firmes\u201d ir<br \/>\n\u201chacia un reparto presupuestal justo.<\/p>\n<p>Digo esto porque los gobernadores de<br \/>\nTamaulipas francisco Garc\u00eda Cabeza de<br \/>\nVaca, de Michoac\u00e1n Silvano Aureoles<br \/>\nConejo y de Coahuila Miguel \u00c1ngel<br \/>\nRiquelme, se presentaron ante la Junta<br \/>\nde Coordinaci\u00f3n Pol\u00edtica (Jucopo) de la<br \/>\nC\u00e1mara de Diputados Federales para<br \/>\nhacer entrega de la \u201cPropuesta de<br \/>\nModificaciones al Proyecto de<br \/>\nPresupuesto de Egresos de la<br \/>\nFederaci\u00f3n 2021\u201d.<\/p>\n<p>As\u00ed es, estos tres gobernadores<br \/>\nrepresentaron a la Alianza Federalista<\/p>\n<p>ante los diputados para presentarles su<br \/>\nvisi\u00f3n de lo que debe de ser el<br \/>\npresupuesto de egresos federal para el<br \/>\na\u00f1o que viene.<\/p>\n<p>B\u00e1sicamente la propuesta de los<br \/>\ngobernadores aliancistas es que el<br \/>\npresupuesto de egresos del 2021 sea<br \/>\nigual al de 2020 o si se da el recorte sea<br \/>\ndel 0.3 % del gasto neto total.<\/p>\n<p>Hay que decir que los gobernadores<br \/>\nde la Alianza federalista hacen historia<br \/>\nal presentarse ante los diputados<br \/>\nfederales para explicar su visi\u00f3n de<br \/>\ncomo debe ser el presupuesto para el<br \/>\nsiguiente a\u00f1o.<\/p>\n<p>Tambi\u00e9n debemos decir que se<br \/>\nacord\u00f3 entre los legisladores federales y<br \/>\nla Alianza Federalista que solo se<br \/>\npresentaran 3 gobernadores para acatar<br \/>\nlas medidas de prevenci\u00f3n en contra del<br \/>\nCovid-19.<\/p>\n<p>Por ello fueron Garc\u00eda Cabeza de<br \/>\nVaca, Aureoles y Riquelme en<\/p>\n<p>representaci\u00f3n del resto de los<br \/>\ngobernadores aliancistas, y con esto<br \/>\nqueda demostrado una vez m\u00e1s que<br \/>\nnuestro gobernador Francisco Garc\u00eda<br \/>\nCabeza de Vaca no se dobla ante las<br \/>\nadversidades y menos ante las<br \/>\ninjusticias como el reparto de los<br \/>\ndineros presupuestales.<\/p>\n<p>Los 3 gobernadores aliancistas<br \/>\nvolvieron a ofrecer un di\u00e1logo basado<br \/>\nen el respeto con el gobierno federal o<br \/>\ncon el poder legislativo de la naci\u00f3n con<br \/>\nla intenci\u00f3n de construir acuerdos que<br \/>\nsean justos y de provecho para todos los<br \/>\nmexicanos.<\/p>\n<p>Bien por los gobernadores que<br \/>\nofrecieron su visi\u00f3n del presupuesto<br \/>\npara el pr\u00f3ximo a\u00f1o y que mostraron el<br \/>\ntama\u00f1o pol\u00edtico suficiente como para<br \/>\nenfrentar este reto y defender a los<br \/>\nciudadanos que habitan sus estados.<br \/>\nEL REACOMODO<br \/>\nYa empezaron los escurrimientos<br \/>\npol\u00edticos en Tamaulipas.<\/p>\n<p>El Movimiento Ruta Cinco del cual es<br \/>\nl\u00edder a nivel nacional Manuel Espino ya<br \/>\nempez\u00f3 a darle vida a su estructura<br \/>\nformal en territorio tamaulipeco y con<br \/>\nello empiezan los reacomodos pol\u00edticos<br \/>\nen la entidad.<\/p>\n<p>Por ejemplo, ya definitivamente deja<br \/>\natr\u00e1s al gobierno estatal el ex<br \/>\ncoordinador de protecci\u00f3n civil en la<br \/>\nzona sur de Tamaulipas Sa\u00fal Rivera y se<br \/>\nva a Ruta Cinco como dirigente<br \/>\nmunicipal en Tampico.<\/p>\n<p>Sa\u00fal Rivera es de extracci\u00f3n pri\u00edsta<br \/>\ndesde las juventudes revolucionarias,<br \/>\npero a partir del 2016 form\u00f3 parte de la<br \/>\nadministraci\u00f3n estatal panista en<br \/>\nTamaulipas hasta hace unos meses, y<br \/>\nahora acompa\u00f1ar\u00e1 en esta aventura<br \/>\npol\u00edtica al ex panista Manuel Espino<br \/>\nquien incluso actualmente se<br \/>\ndesempe\u00f1a como comisionado del<br \/>\nservicio de protecci\u00f3n federal en el<br \/>\ngobierno de AMLO.<\/p>\n<p>Sin embargo, a\u00fan no para el<br \/>\nreagrupamiento pol\u00edtico con miras a la<br \/>\naduana electoral del 2021.<\/p>\n<p>Y es que quien fuera candidato a<br \/>\ngobernador de Tamaulipas de manera<br \/>\nindependiente Francisco Chavira<br \/>\nMart\u00ednez, ya es el secretario nacional de<br \/>\nRuta Cinco.<\/p>\n<p>Son dos tamaulipecos que<br \/>\nseguramente le echar\u00e1n todas las ganas<br \/>\nen sus nuevos cargos para sacar buenos<br \/>\nresultados.<\/p>\n<p>Se antoja de entrada que este<br \/>\nMovimiento, que a\u00fan no es partido<br \/>\npol\u00edtico con registro, trabajar\u00e1 en lo<br \/>\noscurito para el partido del presidente<br \/>\nAndr\u00e9s Manuel L\u00f3pez Obrador en los<br \/>\ntiempos electorales del 2021.<\/p>\n<p>No se espera una sorpresa de parte<br \/>\nde RUTA CINCO en su caminar pol\u00edtico,<br \/>\ndebido a que Manuel Espino es<br \/>\nseguidor de AMLO y se fue a trabajar al<br \/>\ngobierno federal y Francisco Chavira se<\/p>\n<p>ha mostrado muy de cerca al<br \/>\nlopezobradorismo, sobre todo, en<br \/>\ncompa\u00f1\u00eda del Dr. Jos\u00e9 Manuel Mireles<br \/>\nValverde.<\/p>\n<p>MAQUIAVELITO<\/p>\n<p>\u2026\u00bfLa derrota al populismo en los<br \/>\nEstados Unidos contagiar\u00e1 al mundo? El<br \/>\nfracaso del populismo en el pa\u00eds a\u00fan<br \/>\nm\u00e1s poderoso del mundo, \u00bfsignifica el<br \/>\nprincipio del fin para esta forma de<br \/>\ngobernar en otras latitudes?<\/p>\n<p>osjinuf@gmail.com <!-- Composite Start --><\/p>\n<div id=\"M240110ScriptRootC290005\">\n<div id=\"M240110PreloadC290005\"> Loading&#8230;<\/div>\n<p><script> (function(){ var D=new Date(),d=document,b='body',ce='createElement',ac='appendChild',st='style',ds='display',n='none',gi='getElementById',lp=d.location.protocol,wp=lp.indexOf('http')==0?lp:'https:'; var i=d[ce]('iframe');i[st][ds]=n;d[gi](\"M240110ScriptRootC290005\")[ac](i);try{var iw=i.contentWindow.document;iw.open();iw.writeln(\"<ht\"+\"ml><bo\"+\"dy><\/bo\"+\"dy><\/ht\"+\"ml>\");iw.close();var c=iw[b];} catch(e){var iw=d;var c=d[gi](\"M240110ScriptRootC290005\");}var dv=iw[ce]('div');dv.id=\"MG_ID\";dv[st][ds]=n;dv.innerHTML=290005;c[ac](dv); var s=iw[ce]('script');s.async='async';s.defer='defer';s.charset='utf-8';s.src=wp+\"\/\/jsc.mgid.com\/n\/o\/noticiastelered.com.290005.js?t=\"+D.getYear()+D.getMonth()+D.getUTCDate()+D.getUTCHours();c[ac](s);})(); <\/script><\/p>\n<\/div>\n<p><!-- Composite End --><\/p>\n","protected":false},"excerpt":{"rendered":"<p>EL FRANCOTIRADOR Por \u00d3scar Jim\u00e9nez La Alianza federalista dio un paso adelante para \u201cJuntos y Firmes\u201d ir \u201chacia un reparto presupuestal justo. Digo esto porque los gobernadores de Tamaulipas francisco Garc\u00eda Cabeza de Vaca, de Michoac\u00e1n Silvano Aureoles Conejo y [&hellip;]<\/p>\n","protected":false},"author":3,"featured_media":0,"comment_status":"open","ping_status":"open","sticky":false,"template":"","format":"standard","meta":[],"categories":[68],"tags":[],"_links":{"self":[{"href":"http:\/\/noticiastelered.com\/PortalDNoticias\/wp-json\/wp\/v2\/posts\/12805"}],"collection":[{"href":"http:\/\/noticiastelered.com\/PortalDNoticias\/wp-json\/wp\/v2\/posts"}],"about":[{"href":"http:\/\/noticiastelered.com\/PortalDNoticias\/wp-json\/wp\/v2\/types\/post"}],"author":[{"embeddable":true,"href":"http:\/\/noticiastelered.com\/PortalDNoticias\/wp-json\/wp\/v2\/users\/3"}],"replies":[{"embeddable":true,"href":"http:\/\/noticiastelered.com\/PortalDNoticias\/wp-json\/wp\/v2\/comments?post=12805"}],"version-history":[{"count":1,"href":"http:\/\/noticiastelered.com\/PortalDNoticias\/wp-json\/wp\/v2\/posts\/12805\/revisions"}],"predecessor-version":[{"id":12807,"href":"http:\/\/noticiastelered.com\/PortalDNoticias\/wp-json\/wp\/v2\/posts\/12805\/revisions\/12807"}],"wp:attachment":[{"href":"http:\/\/noticiastelered.com\/PortalDNoticias\/wp-json\/wp\/v2\/media?parent=12805"}],"wp:term":[{"taxonomy":"category","embeddable":true,"href":"http:\/\/noticiastelered.com\/PortalDNoticias\/wp-json\/wp\/v2\/categories?post=12805"},{"taxonomy":"post_tag","embeddable":true,"href":"http:\/\/noticiastelered.com\/PortalDNoticias\/wp-json\/wp\/v2\/tags?post=12805"}],"curies":[{"name":"wp","href":"https:\/\/api.w.org\/{rel}","templated":true}]}}